{"id":5553,"date":"2026-09-05T17:30:31","date_gmt":"2026-09-05T15:30:31","guid":{"rendered":"https:\/\/tennisclub-kehl.de\/?p=5553"},"modified":"2026-09-05T17:30:33","modified_gmt":"2026-09-05T15:30:33","slug":"klaus-gras-gewinnt-den-15-renchener-sparkassen-cup-2026","status":"publish","type":"post","link":"https:\/\/tennisclub-kehl.de\/?p=5553","title":{"rendered":"Klaus Gras gewinnt den 15. Renchener Sparkassen Cup 2026"},"content":{"rendered":"\n<p><\/p>\n\n\n\n<figure class=\"wp-block-image size-large\"><img loading=\"lazy\" decoding=\"async\" width=\"768\" height=\"1024\" src=\"https:\/\/tennisclub-kehl.de\/wp-content\/uploads\/2026\/09\/PXL_20260830_142550239.PORTRAIT-768x1024.jpg\" alt=\"\" class=\"wp-image-5554\" srcset=\"https:\/\/tennisclub-kehl.de\/wp-content\/uploads\/2026\/09\/PXL_20260830_142550239.PORTRAIT-768x1024.jpg 768w, https:\/\/tennisclub-kehl.de\/wp-content\/uploads\/2026\/09\/PXL_20260830_142550239.PORTRAIT-225x300.jpg 225w, https:\/\/tennisclub-kehl.de\/wp-content\/uploads\/2026\/09\/PXL_20260830_142550239.PORTRAIT-1152x1536.jpg 1152w, https:\/\/tennisclub-kehl.de\/wp-content\/uploads\/2026\/09\/PXL_20260830_142550239.PORTRAIT-1536x2048.jpg 1536w, https:\/\/tennisclub-kehl.de\/wp-content\/uploads\/2026\/09\/PXL_20260830_142550239.PORTRAIT-scaled.jpg 1920w\" sizes=\"auto, (max-width: 768px) 100vw, 768px\" \/><\/figure>\n\n\n\n<p>Gl\u00fcckwunsch an Klaus aus unserer erfolgreichen Herren 65-Aufstiegsmannschaft. In einem umk\u00e4mpften Finale der Altersklasse \u00dc75 bezwang er G\u00fcnter Bruder vom TC Offenburg mit 6:1 6:7 10:4.<\/p>\n\n\n\n<p><\/p>\n\n\n\n<p><\/p>\n","protected":false},"excerpt":{"rendered":"<p>Gl\u00fcckwunsch an Klaus aus unserer erfolgreichen Herren 65-Aufstiegsmannschaft. In einem umk\u00e4mpften Finale der Altersklasse \u00dc75 bezwang er G\u00fcnter Bruder vom TC Offenburg mit 6:1 6:7 10:4.<\/p>\n","protected":false},"author":7,"featured_media":5554,"comment_status":"open","ping_status":"open","sticky":false,"template":"","format":"standard","meta":{"footnotes":""},"categories":[6],"tags":[],"class_list":["post-5553","post","type-post","status-publish","format-standard","has-post-thumbnail","hentry","category-turniere"],"yoast_head":"<!-- This site is optimized with the Yoast SEO plugin v28.0 - https:\/\/yoast.com\/product\/yoast-seo-wordpress\/ -->\n<title>Klaus Gras gewinnt den 15. Renchener Sparkassen Cup 2026 - Tennisclub SW Kehl e.V.<\/title>\n<meta name=\"description\" content=\"Gl\u00fcckwunsch an Klaus aus unserer erfolgreichen Herren 65-Aufstiegsmannschaft. In einem umk\u00e4mpften Finale der Altersklasse \u00dc75 bezwang er G\u00fcnter Bruder vom TC Offenburg mit 6:1 6:7 10:4.\" \/>\n<meta name=\"robots\" content=\"index, follow, max-snippet:-1, max-image-preview:large, max-video-preview:-1\" \/>\n<link rel=\"canonical\" href=\"https:\/\/tennisclub-kehl.de\/?p=5553\" \/>\n<meta property=\"og:locale\" content=\"de_DE\" \/>\n<meta property=\"og:type\" content=\"article\" \/>\n<meta property=\"og:title\" content=\"Klaus Gras gewinnt den 15. Renchener Sparkassen Cup 2026 - Tennisclub SW Kehl e.V.\" \/>\n<meta property=\"og:description\" content=\"Gl\u00fcckwunsch an Klaus aus unserer erfolgreichen Herren 65-Aufstiegsmannschaft. In einem umk\u00e4mpften Finale der Altersklasse \u00dc75 bezwang er G\u00fcnter Bruder vom TC Offenburg mit 6:1 6:7 10:4.\" \/>\n<meta property=\"og:url\" content=\"https:\/\/tennisclub-kehl.de\/?p=5553\" \/>\n<meta property=\"og:site_name\" content=\"Tennisclub SW Kehl e.V.\" \/>\n<meta property=\"article:published_time\" content=\"2026-09-05T15:30:31+00:00\" \/>\n<meta property=\"article:modified_time\" content=\"2026-09-05T15:30:33+00:00\" \/>\n<meta property=\"og:image\" content=\"https:\/\/tennisclub-kehl.de\/wp-content\/uploads\/2026\/09\/PXL_20260830_142550239.PORTRAIT-scaled.jpg\" \/>\n\t<meta property=\"og:image:width\" content=\"1920\" \/>\n\t<meta property=\"og:image:height\" content=\"2560\" \/>\n\t<meta property=\"og:image:type\" content=\"image\/jpeg\" \/>\n<meta name=\"author\" content=\"Lars M\u00fcnter\" \/>\n<meta name=\"twitter:card\" content=\"summary_large_image\" \/>\n<meta name=\"twitter:label1\" content=\"Verfasst von\" \/>\n\t<meta name=\"twitter:data1\" content=\"Lars M\u00fcnter\" \/>\n\t<meta name=\"twitter:label2\" content=\"Gesch\u00e4tzte Lesezeit\" \/>\n\t<meta name=\"twitter:data2\" content=\"1\u00a0Minute\" \/>\n<script type=\"application\/ld+json\" class=\"yoast-schema-graph\">{\"@context\":\"https:\\\/\\\/schema.org\",\"@graph\":[{\"@type\":\"Article\",\"@id\":\"https:\\\/\\\/tennisclub-kehl.de\\\/?p=5553#article\",\"isPartOf\":{\"@id\":\"https:\\\/\\\/tennisclub-kehl.de\\\/?p=5553\"},\"author\":{\"name\":\"Lars M\u00fcnter\",\"@id\":\"https:\\\/\\\/tennisclub-kehl.de\\\/#\\\/schema\\\/person\\\/ae36d28f530cbc2bc6c4760dcdfc13e5\"},\"headline\":\"Klaus Gras gewinnt den 15. Renchener Sparkassen Cup 2026\",\"datePublished\":\"2026-09-05T15:30:31+00:00\",\"dateModified\":\"2026-09-05T15:30:33+00:00\",\"mainEntityOfPage\":{\"@id\":\"https:\\\/\\\/tennisclub-kehl.de\\\/?p=5553\"},\"wordCount\":32,\"commentCount\":0,\"publisher\":{\"@id\":\"https:\\\/\\\/tennisclub-kehl.de\\\/#organization\"},\"image\":{\"@id\":\"https:\\\/\\\/tennisclub-kehl.de\\\/?p=5553#primaryimage\"},\"thumbnailUrl\":\"https:\\\/\\\/tennisclub-kehl.de\\\/wp-content\\\/uploads\\\/2026\\\/09\\\/PXL_20260830_142550239.PORTRAIT-scaled.jpg\",\"articleSection\":[\"Turniere\"],\"inLanguage\":\"de\",\"potentialAction\":[{\"@type\":\"CommentAction\",\"name\":\"Comment\",\"target\":[\"https:\\\/\\\/tennisclub-kehl.de\\\/?p=5553#respond\"]}]},{\"@type\":\"WebPage\",\"@id\":\"https:\\\/\\\/tennisclub-kehl.de\\\/?p=5553\",\"url\":\"https:\\\/\\\/tennisclub-kehl.de\\\/?p=5553\",\"name\":\"Klaus Gras gewinnt den 15. Renchener Sparkassen Cup 2026 - Tennisclub SW Kehl e.V.\",\"isPartOf\":{\"@id\":\"https:\\\/\\\/tennisclub-kehl.de\\\/#website\"},\"primaryImageOfPage\":{\"@id\":\"https:\\\/\\\/tennisclub-kehl.de\\\/?p=5553#primaryimage\"},\"image\":{\"@id\":\"https:\\\/\\\/tennisclub-kehl.de\\\/?p=5553#primaryimage\"},\"thumbnailUrl\":\"https:\\\/\\\/tennisclub-kehl.de\\\/wp-content\\\/uploads\\\/2026\\\/09\\\/PXL_20260830_142550239.PORTRAIT-scaled.jpg\",\"datePublished\":\"2026-09-05T15:30:31+00:00\",\"dateModified\":\"2026-09-05T15:30:33+00:00\",\"breadcrumb\":{\"@id\":\"https:\\\/\\\/tennisclub-kehl.de\\\/?p=5553#breadcrumb\"},\"inLanguage\":\"de\",\"potentialAction\":[{\"@type\":\"ReadAction\",\"target\":[\"https:\\\/\\\/tennisclub-kehl.de\\\/?p=5553\"]}]},{\"@type\":\"ImageObject\",\"inLanguage\":\"de\",\"@id\":\"https:\\\/\\\/tennisclub-kehl.de\\\/?p=5553#primaryimage\",\"url\":\"https:\\\/\\\/tennisclub-kehl.de\\\/wp-content\\\/uploads\\\/2026\\\/09\\\/PXL_20260830_142550239.PORTRAIT-scaled.jpg\",\"contentUrl\":\"https:\\\/\\\/tennisclub-kehl.de\\\/wp-content\\\/uploads\\\/2026\\\/09\\\/PXL_20260830_142550239.PORTRAIT-scaled.jpg\",\"width\":1920,\"height\":2560},{\"@type\":\"BreadcrumbList\",\"@id\":\"https:\\\/\\\/tennisclub-kehl.de\\\/?p=5553#breadcrumb\",\"itemListElement\":[{\"@type\":\"ListItem\",\"position\":1,\"name\":\"Start\",\"item\":\"https:\\\/\\\/tennisclub-kehl.de\\\/\"},{\"@type\":\"ListItem\",\"position\":2,\"name\":\"Klaus Gras gewinnt den 15. Renchener Sparkassen Cup 2026\"}]},{\"@type\":\"WebSite\",\"@id\":\"https:\\\/\\\/tennisclub-kehl.de\\\/#website\",\"url\":\"https:\\\/\\\/tennisclub-kehl.de\\\/\",\"name\":\"Tennisclub SW Kehl e.V.\",\"description\":\"\",\"publisher\":{\"@id\":\"https:\\\/\\\/tennisclub-kehl.de\\\/#organization\"},\"potentialAction\":[{\"@type\":\"SearchAction\",\"target\":{\"@type\":\"EntryPoint\",\"urlTemplate\":\"https:\\\/\\\/tennisclub-kehl.de\\\/?s={search_term_string}\"},\"query-input\":{\"@type\":\"PropertyValueSpecification\",\"valueRequired\":true,\"valueName\":\"search_term_string\"}}],\"inLanguage\":\"de\"},{\"@type\":\"Organization\",\"@id\":\"https:\\\/\\\/tennisclub-kehl.de\\\/#organization\",\"name\":\"Tennisclub SW Kehl e.V.\",\"url\":\"https:\\\/\\\/tennisclub-kehl.de\\\/\",\"logo\":{\"@type\":\"ImageObject\",\"inLanguage\":\"de\",\"@id\":\"https:\\\/\\\/tennisclub-kehl.de\\\/#\\\/schema\\\/logo\\\/image\\\/\",\"url\":\"https:\\\/\\\/tennisclub-kehl.de\\\/wp-content\\\/uploads\\\/2022\\\/08\\\/cropped-cropped-tennkehl_logo_weiss_rgb.png\",\"contentUrl\":\"https:\\\/\\\/tennisclub-kehl.de\\\/wp-content\\\/uploads\\\/2022\\\/08\\\/cropped-cropped-tennkehl_logo_weiss_rgb.png\",\"width\":1573,\"height\":390,\"caption\":\"Tennisclub SW Kehl e.V.\"},\"image\":{\"@id\":\"https:\\\/\\\/tennisclub-kehl.de\\\/#\\\/schema\\\/logo\\\/image\\\/\"}},{\"@type\":\"Person\",\"@id\":\"https:\\\/\\\/tennisclub-kehl.de\\\/#\\\/schema\\\/person\\\/ae36d28f530cbc2bc6c4760dcdfc13e5\",\"name\":\"Lars M\u00fcnter\",\"image\":{\"@type\":\"ImageObject\",\"inLanguage\":\"de\",\"@id\":\"https:\\\/\\\/secure.gravatar.com\\\/avatar\\\/771b0a7b726c1758fe85b10f172f81dfe7fd1a7571442ecffb87b5466d538ee3?s=96&d=mm&r=g\",\"url\":\"https:\\\/\\\/secure.gravatar.com\\\/avatar\\\/771b0a7b726c1758fe85b10f172f81dfe7fd1a7571442ecffb87b5466d538ee3?s=96&d=mm&r=g\",\"contentUrl\":\"https:\\\/\\\/secure.gravatar.com\\\/avatar\\\/771b0a7b726c1758fe85b10f172f81dfe7fd1a7571442ecffb87b5466d538ee3?s=96&d=mm&r=g\",\"caption\":\"Lars M\u00fcnter\"},\"url\":\"https:\\\/\\\/tennisclub-kehl.de\\\/?author=7\"}]}<\/script>\n<!-- \/ Yoast SEO plugin. -->","yoast_head_json":{"title":"Klaus Gras gewinnt den 15. Renchener Sparkassen Cup 2026 - Tennisclub SW Kehl e.V.","description":"Gl\u00fcckwunsch an Klaus aus unserer erfolgreichen Herren 65-Aufstiegsmannschaft. In einem umk\u00e4mpften Finale der Altersklasse \u00dc75 bezwang er G\u00fcnter Bruder vom TC Offenburg mit 6:1 6:7 10:4.","robots":{"index":"index","follow":"follow","max-snippet":"max-snippet:-1","max-image-preview":"max-image-preview:large","max-video-preview":"max-video-preview:-1"},"canonical":"https:\/\/tennisclub-kehl.de\/?p=5553","og_locale":"de_DE","og_type":"article","og_title":"Klaus Gras gewinnt den 15. Renchener Sparkassen Cup 2026 - Tennisclub SW Kehl e.V.","og_description":"Gl\u00fcckwunsch an Klaus aus unserer erfolgreichen Herren 65-Aufstiegsmannschaft. In einem umk\u00e4mpften Finale der Altersklasse \u00dc75 bezwang er G\u00fcnter Bruder vom TC Offenburg mit 6:1 6:7 10:4.","og_url":"https:\/\/tennisclub-kehl.de\/?p=5553","og_site_name":"Tennisclub SW Kehl e.V.","article_published_time":"2026-09-05T15:30:31+00:00","article_modified_time":"2026-09-05T15:30:33+00:00","og_image":[{"width":1920,"height":2560,"url":"https:\/\/tennisclub-kehl.de\/wp-content\/uploads\/2026\/09\/PXL_20260830_142550239.PORTRAIT-scaled.jpg","type":"image\/jpeg"}],"author":"Lars M\u00fcnter","twitter_card":"summary_large_image","twitter_misc":{"Verfasst von":"Lars M\u00fcnter","Gesch\u00e4tzte Lesezeit":"1\u00a0Minute"},"schema":{"@context":"https:\/\/schema.org","@graph":[{"@type":"Article","@id":"https:\/\/tennisclub-kehl.de\/?p=5553#article","isPartOf":{"@id":"https:\/\/tennisclub-kehl.de\/?p=5553"},"author":{"name":"Lars M\u00fcnter","@id":"https:\/\/tennisclub-kehl.de\/#\/schema\/person\/ae36d28f530cbc2bc6c4760dcdfc13e5"},"headline":"Klaus Gras gewinnt den 15. Renchener Sparkassen Cup 2026","datePublished":"2026-09-05T15:30:31+00:00","dateModified":"2026-09-05T15:30:33+00:00","mainEntityOfPage":{"@id":"https:\/\/tennisclub-kehl.de\/?p=5553"},"wordCount":32,"commentCount":0,"publisher":{"@id":"https:\/\/tennisclub-kehl.de\/#organization"},"image":{"@id":"https:\/\/tennisclub-kehl.de\/?p=5553#primaryimage"},"thumbnailUrl":"https:\/\/tennisclub-kehl.de\/wp-content\/uploads\/2026\/09\/PXL_20260830_142550239.PORTRAIT-scaled.jpg","articleSection":["Turniere"],"inLanguage":"de","potentialAction":[{"@type":"CommentAction","name":"Comment","target":["https:\/\/tennisclub-kehl.de\/?p=5553#respond"]}]},{"@type":"WebPage","@id":"https:\/\/tennisclub-kehl.de\/?p=5553","url":"https:\/\/tennisclub-kehl.de\/?p=5553","name":"Klaus Gras gewinnt den 15. Renchener Sparkassen Cup 2026 - Tennisclub SW Kehl e.V.","isPartOf":{"@id":"https:\/\/tennisclub-kehl.de\/#website"},"primaryImageOfPage":{"@id":"https:\/\/tennisclub-kehl.de\/?p=5553#primaryimage"},"image":{"@id":"https:\/\/tennisclub-kehl.de\/?p=5553#primaryimage"},"thumbnailUrl":"https:\/\/tennisclub-kehl.de\/wp-content\/uploads\/2026\/09\/PXL_20260830_142550239.PORTRAIT-scaled.jpg","datePublished":"2026-09-05T15:30:31+00:00","dateModified":"2026-09-05T15:30:33+00:00","breadcrumb":{"@id":"https:\/\/tennisclub-kehl.de\/?p=5553#breadcrumb"},"inLanguage":"de","potentialAction":[{"@type":"ReadAction","target":["https:\/\/tennisclub-kehl.de\/?p=5553"]}]},{"@type":"ImageObject","inLanguage":"de","@id":"https:\/\/tennisclub-kehl.de\/?p=5553#primaryimage","url":"https:\/\/tennisclub-kehl.de\/wp-content\/uploads\/2026\/09\/PXL_20260830_142550239.PORTRAIT-scaled.jpg","contentUrl":"https:\/\/tennisclub-kehl.de\/wp-content\/uploads\/2026\/09\/PXL_20260830_142550239.PORTRAIT-scaled.jpg","width":1920,"height":2560},{"@type":"BreadcrumbList","@id":"https:\/\/tennisclub-kehl.de\/?p=5553#breadcrumb","itemListElement":[{"@type":"ListItem","position":1,"name":"Start","item":"https:\/\/tennisclub-kehl.de\/"},{"@type":"ListItem","position":2,"name":"Klaus Gras gewinnt den 15. Renchener Sparkassen Cup 2026"}]},{"@type":"WebSite","@id":"https:\/\/tennisclub-kehl.de\/#website","url":"https:\/\/tennisclub-kehl.de\/","name":"Tennisclub SW Kehl e.V.","description":"","publisher":{"@id":"https:\/\/tennisclub-kehl.de\/#organization"},"potentialAction":[{"@type":"SearchAction","target":{"@type":"EntryPoint","urlTemplate":"https:\/\/tennisclub-kehl.de\/?s={search_term_string}"},"query-input":{"@type":"PropertyValueSpecification","valueRequired":true,"valueName":"search_term_string"}}],"inLanguage":"de"},{"@type":"Organization","@id":"https:\/\/tennisclub-kehl.de\/#organization","name":"Tennisclub SW Kehl e.V.","url":"https:\/\/tennisclub-kehl.de\/","logo":{"@type":"ImageObject","inLanguage":"de","@id":"https:\/\/tennisclub-kehl.de\/#\/schema\/logo\/image\/","url":"https:\/\/tennisclub-kehl.de\/wp-content\/uploads\/2022\/08\/cropped-cropped-tennkehl_logo_weiss_rgb.png","contentUrl":"https:\/\/tennisclub-kehl.de\/wp-content\/uploads\/2022\/08\/cropped-cropped-tennkehl_logo_weiss_rgb.png","width":1573,"height":390,"caption":"Tennisclub SW Kehl e.V."},"image":{"@id":"https:\/\/tennisclub-kehl.de\/#\/schema\/logo\/image\/"}},{"@type":"Person","@id":"https:\/\/tennisclub-kehl.de\/#\/schema\/person\/ae36d28f530cbc2bc6c4760dcdfc13e5","name":"Lars M\u00fcnter","image":{"@type":"ImageObject","inLanguage":"de","@id":"https:\/\/secure.gravatar.com\/avatar\/771b0a7b726c1758fe85b10f172f81dfe7fd1a7571442ecffb87b5466d538ee3?s=96&d=mm&r=g","url":"https:\/\/secure.gravatar.com\/avatar\/771b0a7b726c1758fe85b10f172f81dfe7fd1a7571442ecffb87b5466d538ee3?s=96&d=mm&r=g","contentUrl":"https:\/\/secure.gravatar.com\/avatar\/771b0a7b726c1758fe85b10f172f81dfe7fd1a7571442ecffb87b5466d538ee3?s=96&d=mm&r=g","caption":"Lars M\u00fcnter"},"url":"https:\/\/tennisclub-kehl.de\/?author=7"}]}},"_links":{"self":[{"href":"https:\/\/tennisclub-kehl.de\/index.php?rest_route=\/wp\/v2\/posts\/5553","targetHints":{"allow":["GET"]}}],"collection":[{"href":"https:\/\/tennisclub-kehl.de\/index.php?rest_route=\/wp\/v2\/posts"}],"about":[{"href":"https:\/\/tennisclub-kehl.de\/index.php?rest_route=\/wp\/v2\/types\/post"}],"author":[{"embeddable":true,"href":"https:\/\/tennisclub-kehl.de\/index.php?rest_route=\/wp\/v2\/users\/7"}],"replies":[{"embeddable":true,"href":"https:\/\/tennisclub-kehl.de\/index.php?rest_route=%2Fwp%2Fv2%2Fcomments&post=5553"}],"version-history":[{"count":1,"href":"https:\/\/tennisclub-kehl.de\/index.php?rest_route=\/wp\/v2\/posts\/5553\/revisions"}],"predecessor-version":[{"id":5555,"href":"https:\/\/tennisclub-kehl.de\/index.php?rest_route=\/wp\/v2\/posts\/5553\/revisions\/5555"}],"wp:featuredmedia":[{"embeddable":true,"href":"https:\/\/tennisclub-kehl.de\/index.php?rest_route=\/wp\/v2\/media\/5554"}],"wp:attachment":[{"href":"https:\/\/tennisclub-kehl.de\/index.php?rest_route=%2Fwp%2Fv2%2Fmedia&parent=5553"}],"wp:term":[{"taxonomy":"category","embeddable":true,"href":"https:\/\/tennisclub-kehl.de\/index.php?rest_route=%2Fwp%2Fv2%2Fcategories&post=5553"},{"taxonomy":"post_tag","embeddable":true,"href":"https:\/\/tennisclub-kehl.de\/index.php?rest_route=%2Fwp%2Fv2%2Ftags&post=5553"}],"curies":[{"name":"wp","href":"https:\/\/api.w.org\/{rel}","templated":true}]}}