{"id":3134,"date":"2025-01-01T18:54:55","date_gmt":"2025-01-01T16:54:55","guid":{"rendered":"https:\/\/tennisclub-kehl.de\/?p=3134"},"modified":"2025-01-01T18:56:59","modified_gmt":"2025-01-01T16:56:59","slug":"itf-doppel-erfolg-fuer-volker-zimny-und-klaus-gras","status":"publish","type":"post","link":"https:\/\/tennisclub-kehl.de\/?p=3134","title":{"rendered":"ITF-Doppel-Erfolg f\u00fcr Volker Zimny und Klaus Gras"},"content":{"rendered":"\n<figure class=\"wp-block-gallery has-nested-images columns-default is-cropped wp-block-gallery-1 is-layout-flex wp-block-gallery-is-layout-flex\">\n<figure class=\"wp-block-image size-large\"><img loading=\"lazy\" decoding=\"async\" width=\"768\" height=\"1024\" data-id=\"3137\" src=\"https:\/\/tennisclub-kehl.de\/wp-content\/uploads\/2025\/01\/Bild-2-768x1024.jpeg\" alt=\"\" class=\"wp-image-3137\" srcset=\"https:\/\/tennisclub-kehl.de\/wp-content\/uploads\/2025\/01\/Bild-2-768x1024.jpeg 768w, https:\/\/tennisclub-kehl.de\/wp-content\/uploads\/2025\/01\/Bild-2-225x300.jpeg 225w, https:\/\/tennisclub-kehl.de\/wp-content\/uploads\/2025\/01\/Bild-2-1152x1536.jpeg 1152w, https:\/\/tennisclub-kehl.de\/wp-content\/uploads\/2025\/01\/Bild-2-1536x2048.jpeg 1536w, https:\/\/tennisclub-kehl.de\/wp-content\/uploads\/2025\/01\/Bild-2-scaled.jpeg 1920w\" sizes=\"auto, (max-width: 768px) 100vw, 768px\" \/><\/figure>\n\n\n\n<figure class=\"wp-block-image size-large\"><img loading=\"lazy\" decoding=\"async\" width=\"768\" height=\"1024\" data-id=\"3136\" src=\"https:\/\/tennisclub-kehl.de\/wp-content\/uploads\/2025\/01\/Bild-1-1-768x1024.jpg\" alt=\"\" class=\"wp-image-3136\" srcset=\"https:\/\/tennisclub-kehl.de\/wp-content\/uploads\/2025\/01\/Bild-1-1-768x1024.jpg 768w, https:\/\/tennisclub-kehl.de\/wp-content\/uploads\/2025\/01\/Bild-1-1-225x300.jpg 225w, https:\/\/tennisclub-kehl.de\/wp-content\/uploads\/2025\/01\/Bild-1-1-1152x1536.jpg 1152w, https:\/\/tennisclub-kehl.de\/wp-content\/uploads\/2025\/01\/Bild-1-1.jpg 1200w\" sizes=\"auto, (max-width: 768px) 100vw, 768px\" \/><\/figure>\n<\/figure>\n\n\n\n<p>Beim Turnier der Internationalen Tennis Federation (ITF), der \u00fcber 200 nationale Tennisverb\u00e4nde angeh\u00f6ren, traten auch Volker Zimny und Klaus Gras vom TC Schwarz-Wei\u00df Kehl an. Das Turnier, das vom 27. bis zum 30. Dezember in Bendorf bei Koblenz ausgetragen wurde, begann mit einem Einzelsieg im Auftaktmatch f\u00fcr Volker Zimny in der Herren-65-Konkurrenz. Er verlor dann allerdings das zweite Spiel. <\/p>\n\n\n\n<p>Auch Klaus Gras\u2018 Turnierstart war mit zwei Niederlagen bei den Herren 70 zun\u00e4chst wenig verhei\u00dfend. Im Doppel(-pack) wendeten die Kehler allerdings das Blatt und gewannen den Wettbewerb bei den Herren 65 ohne Satzverlust. Im Endspiel trafen sie dabei auf ein deutsches Duo aus Mayen in der Eifel: Nach einem hart umk\u00e4mpften Match zeigten Zimny und Gras das bessere H\u00e4ndchen und gewannen gegen Torsten Schiller und den hochplatzierten Michael Stracke mit 7:5 und 6:4. Damit unterstrich die Kehler Paarung erneut ihre Klasse: In der vergangenen Saison hatten sie bereits in der Medenspielrunde das entscheidende Doppel gewonnen und den Aufstieg der Herren 65 des TC SW Kehl in die S\u00fcdWestLiga gesichert. Dort stehen sich im neuen Jahr die besten badischen und w\u00fcrttembergischen Mannschaften gegen\u00fcber.<\/p>\n","protected":false},"excerpt":{"rendered":"<p>Beim Turnier der Internationalen Tennis Federation (ITF), der \u00fcber 200 nationale Tennisverb\u00e4nde angeh\u00f6ren, traten auch Volker Zimny und Klaus Gras vom TC Schwarz-Wei\u00df Kehl an. Das Turnier, das vom 27. bis zum 30. Dezember in Bendorf bei Koblenz ausgetragen wurde, begann mit einem Einzelsieg im Auftaktmatch f\u00fcr Volker Zimny in der Herren-65-Konkurrenz. <\/p>\n","protected":false},"author":6,"featured_media":3137,"comment_status":"closed","ping_status":"closed","sticky":false,"template":"","format":"standard","meta":{"footnotes":""},"categories":[4,6],"tags":[],"class_list":["post-3134","post","type-post","status-publish","format-standard","has-post-thumbnail","hentry","category-erwachsene","category-turniere"],"_links":{"self":[{"href":"https:\/\/tennisclub-kehl.de\/index.php?rest_route=\/wp\/v2\/posts\/3134","targetHints":{"allow":["GET"]}}],"collection":[{"href":"https:\/\/tennisclub-kehl.de\/index.php?rest_route=\/wp\/v2\/posts"}],"about":[{"href":"https:\/\/tennisclub-kehl.de\/index.php?rest_route=\/wp\/v2\/types\/post"}],"author":[{"embeddable":true,"href":"https:\/\/tennisclub-kehl.de\/index.php?rest_route=\/wp\/v2\/users\/6"}],"replies":[{"embeddable":true,"href":"https:\/\/tennisclub-kehl.de\/index.php?rest_route=%2Fwp%2Fv2%2Fcomments&post=3134"}],"version-history":[{"count":2,"href":"https:\/\/tennisclub-kehl.de\/index.php?rest_route=\/wp\/v2\/posts\/3134\/revisions"}],"predecessor-version":[{"id":3139,"href":"https:\/\/tennisclub-kehl.de\/index.php?rest_route=\/wp\/v2\/posts\/3134\/revisions\/3139"}],"wp:featuredmedia":[{"embeddable":true,"href":"https:\/\/tennisclub-kehl.de\/index.php?rest_route=\/wp\/v2\/media\/3137"}],"wp:attachment":[{"href":"https:\/\/tennisclub-kehl.de\/index.php?rest_route=%2Fwp%2Fv2%2Fmedia&parent=3134"}],"wp:term":[{"taxonomy":"category","embeddable":true,"href":"https:\/\/tennisclub-kehl.de\/index.php?rest_route=%2Fwp%2Fv2%2Fcategories&post=3134"},{"taxonomy":"post_tag","embeddable":true,"href":"https:\/\/tennisclub-kehl.de\/index.php?rest_route=%2Fwp%2Fv2%2Ftags&post=3134"}],"curies":[{"name":"wp","href":"https:\/\/api.w.org\/{rel}","templated":true}]}}