{"id":3108,"date":"2024-10-14T22:26:56","date_gmt":"2024-10-14T20:26:56","guid":{"rendered":"https:\/\/tennisclub-kehl.de\/?p=3108"},"modified":"2024-10-14T22:26:56","modified_gmt":"2024-10-14T20:26:56","slug":"meisterehrung-des-btv-in-baden-baden-steinbach","status":"publish","type":"post","link":"https:\/\/tennisclub-kehl.de\/?p=3108","title":{"rendered":"Meisterehrung des BTV in Baden-Baden Steinbach"},"content":{"rendered":"\n<figure class=\"wp-block-image size-large\"><img loading=\"lazy\" decoding=\"async\" width=\"1024\" height=\"683\" src=\"https:\/\/tennisclub-kehl.de\/wp-content\/uploads\/2024\/10\/DSC00077-1024x683.jpg\" alt=\"\" class=\"wp-image-3112\" srcset=\"https:\/\/tennisclub-kehl.de\/wp-content\/uploads\/2024\/10\/DSC00077-1024x683.jpg 1024w, https:\/\/tennisclub-kehl.de\/wp-content\/uploads\/2024\/10\/DSC00077-300x200.jpg 300w, https:\/\/tennisclub-kehl.de\/wp-content\/uploads\/2024\/10\/DSC00077-768x512.jpg 768w, https:\/\/tennisclub-kehl.de\/wp-content\/uploads\/2024\/10\/DSC00077-1536x1024.jpg 1536w, https:\/\/tennisclub-kehl.de\/wp-content\/uploads\/2024\/10\/DSC00077-2048x1365.jpg 2048w\" sizes=\"auto, (max-width: 1024px) 100vw, 1024px\" \/><\/figure>\n\n\n\n<p>Im Rahmen der Mitgliederversammlung des Badischen Tennisverbandes empfing unsere Herren-65-Mannschaft die Ehrung f\u00fcr ihren Meistertitel in der Baden-Liga und den Aufstieg in die S\u00fcdWest-Liga. Mannschaftsf\u00fchrer Volker Zimny nahm in der Sportschule Baden-Baden Steinbach \u2013 aus den H\u00e4nden von BTV-Pr\u00e4sident Stefan Bitenc und dem Vizepr\u00e4sidenten Bernd Greiner \u2013 Urkunde und Preis entgegen und vertrat unseren TC SW Kehl damit in der Riege der badischen Meistermannschaften.<\/p>\n\n\n\n<figure class=\"wp-block-gallery has-nested-images columns-default is-cropped wp-block-gallery-1 is-layout-flex wp-block-gallery-is-layout-flex\">\n<figure class=\"wp-block-image size-large\"><img loading=\"lazy\" decoding=\"async\" width=\"1024\" height=\"683\" data-id=\"3113\" src=\"https:\/\/tennisclub-kehl.de\/wp-content\/uploads\/2024\/10\/DSC00080-1024x683.jpg\" alt=\"\" class=\"wp-image-3113\" srcset=\"https:\/\/tennisclub-kehl.de\/wp-content\/uploads\/2024\/10\/DSC00080-1024x683.jpg 1024w, https:\/\/tennisclub-kehl.de\/wp-content\/uploads\/2024\/10\/DSC00080-300x200.jpg 300w, https:\/\/tennisclub-kehl.de\/wp-content\/uploads\/2024\/10\/DSC00080-768x512.jpg 768w, https:\/\/tennisclub-kehl.de\/wp-content\/uploads\/2024\/10\/DSC00080-1536x1024.jpg 1536w, https:\/\/tennisclub-kehl.de\/wp-content\/uploads\/2024\/10\/DSC00080-2048x1365.jpg 2048w\" sizes=\"auto, (max-width: 1024px) 100vw, 1024px\" \/><\/figure>\n\n\n\n<figure class=\"wp-block-image size-large\"><img loading=\"lazy\" decoding=\"async\" width=\"1024\" height=\"768\" data-id=\"3109\" src=\"https:\/\/tennisclub-kehl.de\/wp-content\/uploads\/2024\/10\/20241012_152800-1024x768.jpg\" alt=\"\" class=\"wp-image-3109\" srcset=\"https:\/\/tennisclub-kehl.de\/wp-content\/uploads\/2024\/10\/20241012_152800-1024x768.jpg 1024w, https:\/\/tennisclub-kehl.de\/wp-content\/uploads\/2024\/10\/20241012_152800-300x225.jpg 300w, https:\/\/tennisclub-kehl.de\/wp-content\/uploads\/2024\/10\/20241012_152800-768x576.jpg 768w, https:\/\/tennisclub-kehl.de\/wp-content\/uploads\/2024\/10\/20241012_152800-1536x1152.jpg 1536w, https:\/\/tennisclub-kehl.de\/wp-content\/uploads\/2024\/10\/20241012_152800-2048x1536.jpg 2048w\" sizes=\"auto, (max-width: 1024px) 100vw, 1024px\" \/><\/figure>\n<\/figure>\n","protected":false},"excerpt":{"rendered":"<p>Im Rahmen der Mitgliederversammlung des Badischen Tennisverbandes empfing unsere Herren-65-Mannschaft die Ehrung f\u00fcr ihren Meistertitel in der Baden-Liga und den Aufstieg in die S\u00fcdWest-Liga. <\/p>\n","protected":false},"author":6,"featured_media":3110,"comment_status":"closed","ping_status":"closed","sticky":false,"template":"","format":"standard","meta":{"footnotes":""},"categories":[4,7],"tags":[],"class_list":["post-3108","post","type-post","status-publish","format-standard","has-post-thumbnail","hentry","category-erwachsene","category-verbandsrunde"],"_links":{"self":[{"href":"https:\/\/tennisclub-kehl.de\/index.php?rest_route=\/wp\/v2\/posts\/3108","targetHints":{"allow":["GET"]}}],"collection":[{"href":"https:\/\/tennisclub-kehl.de\/index.php?rest_route=\/wp\/v2\/posts"}],"about":[{"href":"https:\/\/tennisclub-kehl.de\/index.php?rest_route=\/wp\/v2\/types\/post"}],"author":[{"embeddable":true,"href":"https:\/\/tennisclub-kehl.de\/index.php?rest_route=\/wp\/v2\/users\/6"}],"replies":[{"embeddable":true,"href":"https:\/\/tennisclub-kehl.de\/index.php?rest_route=%2Fwp%2Fv2%2Fcomments&post=3108"}],"version-history":[{"count":1,"href":"https:\/\/tennisclub-kehl.de\/index.php?rest_route=\/wp\/v2\/posts\/3108\/revisions"}],"predecessor-version":[{"id":3115,"href":"https:\/\/tennisclub-kehl.de\/index.php?rest_route=\/wp\/v2\/posts\/3108\/revisions\/3115"}],"wp:featuredmedia":[{"embeddable":true,"href":"https:\/\/tennisclub-kehl.de\/index.php?rest_route=\/wp\/v2\/media\/3110"}],"wp:attachment":[{"href":"https:\/\/tennisclub-kehl.de\/index.php?rest_route=%2Fwp%2Fv2%2Fmedia&parent=3108"}],"wp:term":[{"taxonomy":"category","embeddable":true,"href":"https:\/\/tennisclub-kehl.de\/index.php?rest_route=%2Fwp%2Fv2%2Fcategories&post=3108"},{"taxonomy":"post_tag","embeddable":true,"href":"https:\/\/tennisclub-kehl.de\/index.php?rest_route=%2Fwp%2Fv2%2Ftags&post=3108"}],"curies":[{"name":"wp","href":"https:\/\/api.w.org\/{rel}","templated":true}]}}