{"id":3058,"date":"2024-07-16T22:37:51","date_gmt":"2024-07-16T20:37:51","guid":{"rendered":"https:\/\/tennisclub-kehl.de\/?p=3058"},"modified":"2025-05-06T22:03:16","modified_gmt":"2025-05-06T20:03:16","slug":"badischer-mannschaftsmeister-herren-65-schaffen-nach-dem-aufstieg-den-aufstieg","status":"publish","type":"post","link":"https:\/\/tennisclub-kehl.de\/?p=3058","title":{"rendered":"Badischer Mannschaftsmeister \u2013 Herren 65 schaffen nach dem Aufstieg den Aufstieg"},"content":{"rendered":"\n<figure class=\"wp-block-image size-large\"><img loading=\"lazy\" decoding=\"async\" width=\"1024\" height=\"768\" src=\"https:\/\/tennisclub-kehl.de\/wp-content\/uploads\/2024\/07\/IMG-20240712-WA0006-1024x768.jpg\" alt=\"\" class=\"wp-image-3059\" srcset=\"https:\/\/tennisclub-kehl.de\/wp-content\/uploads\/2024\/07\/IMG-20240712-WA0006-1024x768.jpg 1024w, https:\/\/tennisclub-kehl.de\/wp-content\/uploads\/2024\/07\/IMG-20240712-WA0006-300x225.jpg 300w, https:\/\/tennisclub-kehl.de\/wp-content\/uploads\/2024\/07\/IMG-20240712-WA0006-768x576.jpg 768w, https:\/\/tennisclub-kehl.de\/wp-content\/uploads\/2024\/07\/IMG-20240712-WA0006-1536x1152.jpg 1536w, https:\/\/tennisclub-kehl.de\/wp-content\/uploads\/2024\/07\/IMG-20240712-WA0006-2048x1536.jpg 2048w\" sizes=\"auto, (max-width: 1024px) 100vw, 1024px\" \/><\/figure>\n\n\n\n<p>Gerade waren die Herren 65 in dieser Sommersaison zum ersten Mal in der Badenliga angekommen, da verlassen sie diese bereits \u2013 nach oben! Am Freitag, den 12.07. gewann bei zum Teil regnerischen Platzverh\u00e4ltnissen das Kehler Team das Relegationsspiel bei der TSG TC Bischweier \/ TC B\u00fchl denkbar knapp mit 5:4 Spielpunkten. Nach ausgeglichenem Verlauf in den Einzelspielen stand es vor den Doppeln unentschieden 3:3. Die dritte Doppelpaarung mit Volker Zimny und Klaus Gras konnte schlie\u00dflich den entscheidenden 5. Matchpunkt mit 6:2 7:6 erzielen.\u00a0 Somit errang das Team um Mannschaftsf\u00fchrer Zimny die diesj\u00e4hrige Badische Mannschaftsmeisterschaft der Herren 65 und steigt\u00a0 ungeschlagen in die S\u00fcdWestLiga auf, in der sich dann im Jahr 2025 badische und w\u00fcrttembergische Mannschaften gegen\u00fcberstehen werden.<\/p>\n\n\n\n<p><\/p>\n","protected":false},"excerpt":{"rendered":"<p>Gerade waren die Herren 65 in dieser Sommersaison zum ersten Mal in der Badenliga angekommen, da verlassen sie diese bereits \u2013 nach oben! <\/p>\n","protected":false},"author":6,"featured_media":3059,"comment_status":"closed","ping_status":"closed","sticky":false,"template":"","format":"standard","meta":{"footnotes":""},"categories":[4,6,7],"tags":[],"class_list":["post-3058","post","type-post","status-publish","format-standard","has-post-thumbnail","hentry","category-erwachsene","category-turniere","category-verbandsrunde"],"_links":{"self":[{"href":"https:\/\/tennisclub-kehl.de\/index.php?rest_route=\/wp\/v2\/posts\/3058","targetHints":{"allow":["GET"]}}],"collection":[{"href":"https:\/\/tennisclub-kehl.de\/index.php?rest_route=\/wp\/v2\/posts"}],"about":[{"href":"https:\/\/tennisclub-kehl.de\/index.php?rest_route=\/wp\/v2\/types\/post"}],"author":[{"embeddable":true,"href":"https:\/\/tennisclub-kehl.de\/index.php?rest_route=\/wp\/v2\/users\/6"}],"replies":[{"embeddable":true,"href":"https:\/\/tennisclub-kehl.de\/index.php?rest_route=%2Fwp%2Fv2%2Fcomments&post=3058"}],"version-history":[{"count":1,"href":"https:\/\/tennisclub-kehl.de\/index.php?rest_route=\/wp\/v2\/posts\/3058\/revisions"}],"predecessor-version":[{"id":3060,"href":"https:\/\/tennisclub-kehl.de\/index.php?rest_route=\/wp\/v2\/posts\/3058\/revisions\/3060"}],"wp:featuredmedia":[{"embeddable":true,"href":"https:\/\/tennisclub-kehl.de\/index.php?rest_route=\/wp\/v2\/media\/3059"}],"wp:attachment":[{"href":"https:\/\/tennisclub-kehl.de\/index.php?rest_route=%2Fwp%2Fv2%2Fmedia&parent=3058"}],"wp:term":[{"taxonomy":"category","embeddable":true,"href":"https:\/\/tennisclub-kehl.de\/index.php?rest_route=%2Fwp%2Fv2%2Fcategories&post=3058"},{"taxonomy":"post_tag","embeddable":true,"href":"https:\/\/tennisclub-kehl.de\/index.php?rest_route=%2Fwp%2Fv2%2Ftags&post=3058"}],"curies":[{"name":"wp","href":"https:\/\/api.w.org\/{rel}","templated":true}]}}