{"id":2932,"date":"2024-04-27T23:19:14","date_gmt":"2024-04-27T21:19:14","guid":{"rendered":"https:\/\/tennisclub-kehl.de\/?p=2932"},"modified":"2024-04-27T23:19:14","modified_gmt":"2024-04-27T21:19:14","slug":"keine-zitterpartie-tc-schwarz-weiss-kehl-startet-mit-bewaehrten-kraeften-in-die-neue-saison","status":"publish","type":"post","link":"https:\/\/tennisclub-kehl.de\/?p=2932","title":{"rendered":"Keine Zitterpartie \u2013 TC Schwarz-Wei\u00df Kehl startet mit bew\u00e4hrten Kr\u00e4ften in die neue Saison"},"content":{"rendered":"\n<p>Den h\u00e4rtesten Aufschlag servierte bei der Mitgliederversammlung des TC Schwarz-Wei\u00df Kehl nicht der Gegner, sondern das launische Aprilwetter. Vorstand und Mitglieder des Tennisclubs lie\u00dfen es sich trotz der k\u00fchlen Temperaturen aber nicht nehmen, auf der Clubterrasse auf die kommende Saison anzusto\u00dfen und langj\u00e4hrige Mitglieder zu ehren. So konnte Thomas W\u00fcst aus den H\u00e4nden von Club-Pr\u00e4sident Benjamin Sch\u00e4fer die Urkunde f\u00fcr 25 Jahre Mitgliedschaft entgegennehmen. Peter Zaspel wurde f\u00fcr 50 Jahre Mitgliedschaft und Dr. Birgit Haas sowie Andrea Krause sogar f\u00fcr 55 Jahre Mitgliedschaft geehrt. Gew\u00fcrdigt wurde auch die Mannschaft der Herren 65 f\u00fcr ihre starke Leistung in der vergangenen Saison: Nach der Meisterschaft in der Oberliga spielt die Mannschaft nun im Sommer in der Badenliga. Mannschaftsf\u00fchrer Volker Zimny nahm f\u00fcr das erste Mannschaftstraining ein \u201eStarterpaket\u201c entgegen, das neben Tennisb\u00e4llen und Energieriegeln, nat\u00fcrlich auch Verbandsmaterial enthielt. Danach wurde auf den runden Geburtstag des langj\u00e4hrigen Trainers Fadil Seric angesto\u00dfen und ein Blick in die Club-Geschichte mit historischen Bildern vom damaligen Hallenbau 1973 schloss den Auftakt der Veranstaltung ab.<\/p>\n\n\n\n<p>Anschlie\u00dfend begann im Clubhaus die ordentliche Mitgliederversammlung. Benjamin Sch\u00e4fer begr\u00fc\u00dfte als 1. Vorsitzender die Anwesenden und lie\u00df die Arbeit des Vorstandsteam im vergangenen Jahr Revue passieren. Besonders im Fokus standen hierbei die Bem\u00fchungen um eine zufriedenstellende Platzqualit\u00e4t. Aber auch die Unterst\u00fctzung des neuen P\u00e4chters sowie die deutlich gestiegenen Energiepreise und die Neuverhandlung von Vertr\u00e4gen beanspruchten den Vorstand. Das Gr\u00fcnfl\u00e4chenprojekt, bei dem mithilfe von Spenden 14 Gro\u00dfb\u00e4ume auf der Anlage gepflanzt wurden, stellte Sch\u00e4fer ebenfalls heraus. Schriftf\u00fchrerin Inge M\u00fcll warf einen kurzen Blick auf die Mitgliederzahlen: 345 Mitglieder geh\u00f6ren dem TC SW Kehl an, davon 218 im Erwachsenen- und 127 im Jugendbereich. Dabei nimmt der Tennisclub wieder mit mehreren Mannschaften in zahlreichen Altersgruppen bei den Medenspielen teil, wobei sich bei den Erwachsenen der Trend zur Spielgemeinschaft und insgesamt der Personalmangel bei den weiblichen (Junioren-)Mannschaften fortsetzt. Schatzmeister Lars M\u00fcnter veranschaulichte der Mitgliederversammlung ausf\u00fchrlich Einnahmen und Ausgaben im zur\u00fcckliegenden Gesch\u00e4ftsjahr als auch zahlreiche Aktivit\u00e4ten etwa im Bereich Sponsoring und bei der Sicherung von Zusch\u00fcssen. Gr\u00f6\u00dfere Investitionen, wie auch auf Nachfrage in der Diskussion deutlich wurde, sind dem Club aufgrund der noch laufenden Darlehenstilgung f\u00fcr den Clubhausbau Anfang der 1990er Jahren noch nicht m\u00f6glich. Die umsichtige und engagierte Arbeit des Schatzmeisters trotz der schwierigen Gesamtumst\u00e4nde wurde allseits gelobt und dieser \u2013 nach Empfehlung der Kassenpr\u00fcferinnen \u2013 ebenso wie der Gesamtvorstand einstimmig entlastet. Turnusgem\u00e4\u00df folgten darauf die Neuwahlen, bei denen es nur kleinere personelle Ver\u00e4nderungen gab: Die Position des technischen Warts wird k\u00fcnftig Christian Schweyer wahrnehmen, der Donato Sica abl\u00f6st. Die 2. Vorsitzende Yasmina Vivier und Pressewart Uli Hillenbrand rochieren auf ihren Posten, ansonsten bleiben Benjamin Sch\u00e4fer (1. Vorsitzender), Lars M\u00fcnter (Schatzmeister), Inge M\u00fcll (Schriftf\u00fchrerin), Curd Moldt (Sportwart) und Kathrin Guth (Jugendwartin) in ihren \u00c4mtern. Schatzmeister M\u00fcnter stellte den Anwesenden abschlie\u00dfend den neuen Wirtschaftsplan vor. Angeregt wurde in der Diskussion unter den Mitgliedern, das Potenzial bei den Hallenbuchungen besser grenz\u00fcberschreitend zu nutzen und eine \u00dcberdachung als Wetterschutz f\u00fcr die Spieler abseits der Clubgastronomie zu pr\u00fcfen. Zum Abschluss der Veranstaltung zeigte sich dann endlich der blaue Himmel wieder \u00fcber der Anlage: F\u00fcr eine Tennispartie war es aber noch eindeutig zu nass und zu kalt.<\/p>\n\n\n\n<figure class=\"wp-block-gallery has-nested-images columns-default is-cropped wp-block-gallery-1 is-layout-flex wp-block-gallery-is-layout-flex\">\n<figure class=\"wp-block-image size-large\"><img loading=\"lazy\" decoding=\"async\" width=\"1024\" height=\"768\" data-id=\"2933\" src=\"https:\/\/tennisclub-kehl.de\/wp-content\/uploads\/2024\/04\/20240420_104625-1024x768.jpg\" alt=\"\" class=\"wp-image-2933\" srcset=\"https:\/\/tennisclub-kehl.de\/wp-content\/uploads\/2024\/04\/20240420_104625-1024x768.jpg 1024w, https:\/\/tennisclub-kehl.de\/wp-content\/uploads\/2024\/04\/20240420_104625-300x225.jpg 300w, https:\/\/tennisclub-kehl.de\/wp-content\/uploads\/2024\/04\/20240420_104625-768x576.jpg 768w, https:\/\/tennisclub-kehl.de\/wp-content\/uploads\/2024\/04\/20240420_104625-1536x1152.jpg 1536w, https:\/\/tennisclub-kehl.de\/wp-content\/uploads\/2024\/04\/20240420_104625-2048x1536.jpg 2048w\" sizes=\"auto, (max-width: 1024px) 100vw, 1024px\" \/><\/figure>\n\n\n\n<figure class=\"wp-block-image size-large\"><img loading=\"lazy\" decoding=\"async\" width=\"1024\" height=\"768\" data-id=\"2934\" src=\"https:\/\/tennisclub-kehl.de\/wp-content\/uploads\/2024\/04\/20240420_104644-1024x768.jpg\" alt=\"\" class=\"wp-image-2934\" srcset=\"https:\/\/tennisclub-kehl.de\/wp-content\/uploads\/2024\/04\/20240420_104644-1024x768.jpg 1024w, https:\/\/tennisclub-kehl.de\/wp-content\/uploads\/2024\/04\/20240420_104644-300x225.jpg 300w, https:\/\/tennisclub-kehl.de\/wp-content\/uploads\/2024\/04\/20240420_104644-768x576.jpg 768w, https:\/\/tennisclub-kehl.de\/wp-content\/uploads\/2024\/04\/20240420_104644-1536x1152.jpg 1536w, https:\/\/tennisclub-kehl.de\/wp-content\/uploads\/2024\/04\/20240420_104644-2048x1536.jpg 2048w\" sizes=\"auto, (max-width: 1024px) 100vw, 1024px\" \/><\/figure>\n\n\n\n<figure class=\"wp-block-image size-large\"><img loading=\"lazy\" decoding=\"async\" width=\"1024\" height=\"768\" data-id=\"2935\" src=\"https:\/\/tennisclub-kehl.de\/wp-content\/uploads\/2024\/04\/20240420_105025-1024x768.jpg\" alt=\"\" class=\"wp-image-2935\" srcset=\"https:\/\/tennisclub-kehl.de\/wp-content\/uploads\/2024\/04\/20240420_105025-1024x768.jpg 1024w, https:\/\/tennisclub-kehl.de\/wp-content\/uploads\/2024\/04\/20240420_105025-300x225.jpg 300w, https:\/\/tennisclub-kehl.de\/wp-content\/uploads\/2024\/04\/20240420_105025-768x576.jpg 768w, https:\/\/tennisclub-kehl.de\/wp-content\/uploads\/2024\/04\/20240420_105025-1536x1152.jpg 1536w, https:\/\/tennisclub-kehl.de\/wp-content\/uploads\/2024\/04\/20240420_105025-2048x1536.jpg 2048w\" sizes=\"auto, (max-width: 1024px) 100vw, 1024px\" \/><\/figure>\n\n\n\n<figure class=\"wp-block-image size-large\"><img loading=\"lazy\" decoding=\"async\" width=\"1024\" height=\"768\" data-id=\"2936\" src=\"https:\/\/tennisclub-kehl.de\/wp-content\/uploads\/2024\/04\/IMG-20240420-WA0006-1024x768.jpg\" alt=\"\" class=\"wp-image-2936\" srcset=\"https:\/\/tennisclub-kehl.de\/wp-content\/uploads\/2024\/04\/IMG-20240420-WA0006-1024x768.jpg 1024w, https:\/\/tennisclub-kehl.de\/wp-content\/uploads\/2024\/04\/IMG-20240420-WA0006-300x225.jpg 300w, https:\/\/tennisclub-kehl.de\/wp-content\/uploads\/2024\/04\/IMG-20240420-WA0006-768x576.jpg 768w, https:\/\/tennisclub-kehl.de\/wp-content\/uploads\/2024\/04\/IMG-20240420-WA0006-1536x1152.jpg 1536w, https:\/\/tennisclub-kehl.de\/wp-content\/uploads\/2024\/04\/IMG-20240420-WA0006-2048x1536.jpg 2048w\" sizes=\"auto, (max-width: 1024px) 100vw, 1024px\" \/><\/figure>\n\n\n\n<figure class=\"wp-block-image size-large\"><img loading=\"lazy\" decoding=\"async\" width=\"1024\" height=\"768\" data-id=\"2937\" src=\"https:\/\/tennisclub-kehl.de\/wp-content\/uploads\/2024\/04\/IMG-20240420-WA0008-1024x768.jpg\" alt=\"\" class=\"wp-image-2937\" srcset=\"https:\/\/tennisclub-kehl.de\/wp-content\/uploads\/2024\/04\/IMG-20240420-WA0008-1024x768.jpg 1024w, https:\/\/tennisclub-kehl.de\/wp-content\/uploads\/2024\/04\/IMG-20240420-WA0008-300x225.jpg 300w, https:\/\/tennisclub-kehl.de\/wp-content\/uploads\/2024\/04\/IMG-20240420-WA0008-768x576.jpg 768w, https:\/\/tennisclub-kehl.de\/wp-content\/uploads\/2024\/04\/IMG-20240420-WA0008-1536x1152.jpg 1536w, https:\/\/tennisclub-kehl.de\/wp-content\/uploads\/2024\/04\/IMG-20240420-WA0008-2048x1536.jpg 2048w\" sizes=\"auto, (max-width: 1024px) 100vw, 1024px\" \/><\/figure>\n\n\n\n<figure class=\"wp-block-image size-large\"><img loading=\"lazy\" decoding=\"async\" width=\"1024\" height=\"768\" data-id=\"2938\" src=\"https:\/\/tennisclub-kehl.de\/wp-content\/uploads\/2024\/04\/IMG-20240420-WA0014-1024x768.jpg\" alt=\"\" class=\"wp-image-2938\" srcset=\"https:\/\/tennisclub-kehl.de\/wp-content\/uploads\/2024\/04\/IMG-20240420-WA0014-1024x768.jpg 1024w, https:\/\/tennisclub-kehl.de\/wp-content\/uploads\/2024\/04\/IMG-20240420-WA0014-300x225.jpg 300w, https:\/\/tennisclub-kehl.de\/wp-content\/uploads\/2024\/04\/IMG-20240420-WA0014-768x576.jpg 768w, https:\/\/tennisclub-kehl.de\/wp-content\/uploads\/2024\/04\/IMG-20240420-WA0014-1536x1152.jpg 1536w, https:\/\/tennisclub-kehl.de\/wp-content\/uploads\/2024\/04\/IMG-20240420-WA0014-2048x1536.jpg 2048w\" sizes=\"auto, (max-width: 1024px) 100vw, 1024px\" \/><\/figure>\n\n\n\n<figure class=\"wp-block-image size-large\"><img loading=\"lazy\" decoding=\"async\" width=\"1024\" height=\"768\" data-id=\"2939\" src=\"https:\/\/tennisclub-kehl.de\/wp-content\/uploads\/2024\/04\/IMG-20240420-WA0018-1024x768.jpg\" alt=\"\" class=\"wp-image-2939\" srcset=\"https:\/\/tennisclub-kehl.de\/wp-content\/uploads\/2024\/04\/IMG-20240420-WA0018-1024x768.jpg 1024w, https:\/\/tennisclub-kehl.de\/wp-content\/uploads\/2024\/04\/IMG-20240420-WA0018-300x225.jpg 300w, https:\/\/tennisclub-kehl.de\/wp-content\/uploads\/2024\/04\/IMG-20240420-WA0018-768x576.jpg 768w, https:\/\/tennisclub-kehl.de\/wp-content\/uploads\/2024\/04\/IMG-20240420-WA0018-1536x1152.jpg 1536w, https:\/\/tennisclub-kehl.de\/wp-content\/uploads\/2024\/04\/IMG-20240420-WA0018-2048x1536.jpg 2048w\" sizes=\"auto, (max-width: 1024px) 100vw, 1024px\" \/><\/figure>\n\n\n\n<figure class=\"wp-block-image size-large\"><img loading=\"lazy\" decoding=\"async\" width=\"1024\" height=\"768\" data-id=\"2940\" src=\"https:\/\/tennisclub-kehl.de\/wp-content\/uploads\/2024\/04\/IMG-20240420-WA0020-1024x768.jpg\" alt=\"\" class=\"wp-image-2940\" srcset=\"https:\/\/tennisclub-kehl.de\/wp-content\/uploads\/2024\/04\/IMG-20240420-WA0020-1024x768.jpg 1024w, https:\/\/tennisclub-kehl.de\/wp-content\/uploads\/2024\/04\/IMG-20240420-WA0020-300x225.jpg 300w, https:\/\/tennisclub-kehl.de\/wp-content\/uploads\/2024\/04\/IMG-20240420-WA0020-768x576.jpg 768w, https:\/\/tennisclub-kehl.de\/wp-content\/uploads\/2024\/04\/IMG-20240420-WA0020-1536x1152.jpg 1536w, https:\/\/tennisclub-kehl.de\/wp-content\/uploads\/2024\/04\/IMG-20240420-WA0020-2048x1536.jpg 2048w\" sizes=\"auto, (max-width: 1024px) 100vw, 1024px\" \/><\/figure>\n\n\n\n<figure class=\"wp-block-image size-large\"><img loading=\"lazy\" decoding=\"async\" width=\"768\" height=\"1024\" data-id=\"2943\" src=\"https:\/\/tennisclub-kehl.de\/wp-content\/uploads\/2024\/04\/IMG-20240421-WA0002-768x1024.jpg\" alt=\"\" class=\"wp-image-2943\" srcset=\"https:\/\/tennisclub-kehl.de\/wp-content\/uploads\/2024\/04\/IMG-20240421-WA0002-768x1024.jpg 768w, https:\/\/tennisclub-kehl.de\/wp-content\/uploads\/2024\/04\/IMG-20240421-WA0002-225x300.jpg 225w, https:\/\/tennisclub-kehl.de\/wp-content\/uploads\/2024\/04\/IMG-20240421-WA0002-1152x1536.jpg 1152w, https:\/\/tennisclub-kehl.de\/wp-content\/uploads\/2024\/04\/IMG-20240421-WA0002-1536x2048.jpg 1536w, https:\/\/tennisclub-kehl.de\/wp-content\/uploads\/2024\/04\/IMG-20240421-WA0002.jpg 1920w\" sizes=\"auto, (max-width: 768px) 100vw, 768px\" \/><\/figure>\n\n\n\n<figure class=\"wp-block-image size-large\"><img loading=\"lazy\" decoding=\"async\" width=\"1024\" height=\"768\" data-id=\"2942\" src=\"https:\/\/tennisclub-kehl.de\/wp-content\/uploads\/2024\/04\/IMG-20240421-WA0001-1024x768.jpg\" alt=\"\" class=\"wp-image-2942\" srcset=\"https:\/\/tennisclub-kehl.de\/wp-content\/uploads\/2024\/04\/IMG-20240421-WA0001-1024x768.jpg 1024w, https:\/\/tennisclub-kehl.de\/wp-content\/uploads\/2024\/04\/IMG-20240421-WA0001-300x225.jpg 300w, https:\/\/tennisclub-kehl.de\/wp-content\/uploads\/2024\/04\/IMG-20240421-WA0001-768x576.jpg 768w, https:\/\/tennisclub-kehl.de\/wp-content\/uploads\/2024\/04\/IMG-20240421-WA0001-1536x1152.jpg 1536w, https:\/\/tennisclub-kehl.de\/wp-content\/uploads\/2024\/04\/IMG-20240421-WA0001-2048x1536.jpg 2048w\" sizes=\"auto, (max-width: 1024px) 100vw, 1024px\" \/><\/figure>\n<\/figure>\n","protected":false},"excerpt":{"rendered":"<p>Den h\u00e4rtesten Aufschlag servierte bei der Mitgliederversammlung des TC Schwarz-Wei\u00df Kehl nicht der Gegner, sondern das launische Aprilwetter. Vorstand und Mitglieder des Tennisclubs lie\u00dfen es sich trotz der k\u00fchlen Temperaturen aber nicht nehmen, auf der Clubterrasse auf die kommende Saison anzusto\u00dfen und langj\u00e4hrige Mitglieder zu ehren. So konnte Thomas W\u00fcst aus den H\u00e4nden von Club-Pr\u00e4sident [&hellip;]<\/p>\n","protected":false},"author":6,"featured_media":2942,"comment_status":"closed","ping_status":"closed","sticky":false,"template":"","format":"standard","meta":{"footnotes":""},"categories":[5,8],"tags":[],"class_list":["post-2932","post","type-post","status-publish","format-standard","has-post-thumbnail","hentry","category-clubleben","category-informationen"],"_links":{"self":[{"href":"https:\/\/tennisclub-kehl.de\/index.php?rest_route=\/wp\/v2\/posts\/2932","targetHints":{"allow":["GET"]}}],"collection":[{"href":"https:\/\/tennisclub-kehl.de\/index.php?rest_route=\/wp\/v2\/posts"}],"about":[{"href":"https:\/\/tennisclub-kehl.de\/index.php?rest_route=\/wp\/v2\/types\/post"}],"author":[{"embeddable":true,"href":"https:\/\/tennisclub-kehl.de\/index.php?rest_route=\/wp\/v2\/users\/6"}],"replies":[{"embeddable":true,"href":"https:\/\/tennisclub-kehl.de\/index.php?rest_route=%2Fwp%2Fv2%2Fcomments&post=2932"}],"version-history":[{"count":1,"href":"https:\/\/tennisclub-kehl.de\/index.php?rest_route=\/wp\/v2\/posts\/2932\/revisions"}],"predecessor-version":[{"id":2944,"href":"https:\/\/tennisclub-kehl.de\/index.php?rest_route=\/wp\/v2\/posts\/2932\/revisions\/2944"}],"wp:featuredmedia":[{"embeddable":true,"href":"https:\/\/tennisclub-kehl.de\/index.php?rest_route=\/wp\/v2\/media\/2942"}],"wp:attachment":[{"href":"https:\/\/tennisclub-kehl.de\/index.php?rest_route=%2Fwp%2Fv2%2Fmedia&parent=2932"}],"wp:term":[{"taxonomy":"category","embeddable":true,"href":"https:\/\/tennisclub-kehl.de\/index.php?rest_route=%2Fwp%2Fv2%2Fcategories&post=2932"},{"taxonomy":"post_tag","embeddable":true,"href":"https:\/\/tennisclub-kehl.de\/index.php?rest_route=%2Fwp%2Fv2%2Ftags&post=2932"}],"curies":[{"name":"wp","href":"https:\/\/api.w.org\/{rel}","templated":true}]}}