{"id":2723,"date":"2023-05-02T23:29:38","date_gmt":"2023-05-02T21:29:38","guid":{"rendered":"https:\/\/tennisclub-kehl.de\/?p=2723"},"modified":"2025-05-06T22:08:09","modified_gmt":"2025-05-06T20:08:09","slug":"tc-schwarz-weiss-kehl-auf-kurs","status":"publish","type":"post","link":"https:\/\/tennisclub-kehl.de\/?p=2723","title":{"rendered":"TC Schwarz-Wei\u00df Kehl auf Kurs"},"content":{"rendered":"\n<p class=\"has-medium-font-size\"><em>Tennisclub verband Saisoner\u00f6ffnung mit Jahreshauptversammlung und ehrte langj\u00e4hrige Mitglieder<\/em><\/p>\n\n\n\n<p>Das launische Aprilwetter zeigte sich bei der Saisoner\u00f6ffnung des TC Schwarz-Wei\u00df Kehl von einer freundlichen Seite: Im Sonnenschein auf der Clubterrasse konnte der Tennisverein seine langj\u00e4hrigen Mitglieder ehren. Die Begr\u00fc\u00dfung schloss den Dank an den neuen P\u00e4chter der Tennisgastst\u00e4tte ein: Die 2. Vorsitzende des TC Kehl, Yasmina Vivier, zeigte sich im Namen des Vorstands und der Mitglieder hocherfreut dar\u00fcber, dass seit Herbst mit Basem Milad und seinem Team vom \u201ePomodoro e Mozzarella\u201c wieder ein zuverl\u00e4ssiger und engagierter Partner f\u00fcr den Verein gefunden werden konnte. Bei der folgenden Ehrung empfingen Simone M\u00fcll-Fus (25 Jahre), Thomas Hamm (40 Jahre), Ellen Lubberger (45 Jahre) und Roland Hammel (50 Jahre) aus den H\u00e4nden von Clubpr\u00e4sident Benjamin Sch\u00e4fer Urkunden f\u00fcr ihre jahrzehntelange Treue zum Verein.<\/p>\n\n\n\n<figure class=\"wp-block-gallery has-nested-images columns-default is-cropped wp-block-gallery-1 is-layout-flex wp-block-gallery-is-layout-flex\">\n<figure class=\"wp-block-image size-large\"><img loading=\"lazy\" decoding=\"async\" width=\"1024\" height=\"768\" data-id=\"2732\" src=\"https:\/\/tennisclub-kehl.de\/wp-content\/uploads\/2023\/05\/IMG_0860-1024x768.jpg\" alt=\"\" class=\"wp-image-2732\" srcset=\"https:\/\/tennisclub-kehl.de\/wp-content\/uploads\/2023\/05\/IMG_0860-1024x768.jpg 1024w, https:\/\/tennisclub-kehl.de\/wp-content\/uploads\/2023\/05\/IMG_0860-300x225.jpg 300w, https:\/\/tennisclub-kehl.de\/wp-content\/uploads\/2023\/05\/IMG_0860-768x576.jpg 768w, https:\/\/tennisclub-kehl.de\/wp-content\/uploads\/2023\/05\/IMG_0860-1536x1152.jpg 1536w, https:\/\/tennisclub-kehl.de\/wp-content\/uploads\/2023\/05\/IMG_0860-2048x1536.jpg 2048w\" sizes=\"auto, (max-width: 1024px) 100vw, 1024px\" \/><\/figure>\n\n\n\n<figure class=\"wp-block-image size-large\"><img loading=\"lazy\" decoding=\"async\" width=\"1024\" height=\"576\" data-id=\"2735\" src=\"https:\/\/tennisclub-kehl.de\/wp-content\/uploads\/2023\/05\/20230422_121228-1024x576.jpg\" alt=\"\" class=\"wp-image-2735\" srcset=\"https:\/\/tennisclub-kehl.de\/wp-content\/uploads\/2023\/05\/20230422_121228-1024x576.jpg 1024w, https:\/\/tennisclub-kehl.de\/wp-content\/uploads\/2023\/05\/20230422_121228-300x169.jpg 300w, https:\/\/tennisclub-kehl.de\/wp-content\/uploads\/2023\/05\/20230422_121228-768x432.jpg 768w, https:\/\/tennisclub-kehl.de\/wp-content\/uploads\/2023\/05\/20230422_121228-1536x864.jpg 1536w, https:\/\/tennisclub-kehl.de\/wp-content\/uploads\/2023\/05\/20230422_121228-2048x1152.jpg 2048w\" sizes=\"auto, (max-width: 1024px) 100vw, 1024px\" \/><\/figure>\n\n\n\n<figure class=\"wp-block-image size-large\"><img loading=\"lazy\" decoding=\"async\" width=\"1024\" height=\"768\" data-id=\"2733\" src=\"https:\/\/tennisclub-kehl.de\/wp-content\/uploads\/2023\/05\/IMG_0852-1024x768.jpg\" alt=\"\" class=\"wp-image-2733\" srcset=\"https:\/\/tennisclub-kehl.de\/wp-content\/uploads\/2023\/05\/IMG_0852-1024x768.jpg 1024w, https:\/\/tennisclub-kehl.de\/wp-content\/uploads\/2023\/05\/IMG_0852-300x225.jpg 300w, https:\/\/tennisclub-kehl.de\/wp-content\/uploads\/2023\/05\/IMG_0852-768x576.jpg 768w, https:\/\/tennisclub-kehl.de\/wp-content\/uploads\/2023\/05\/IMG_0852-1536x1152.jpg 1536w, https:\/\/tennisclub-kehl.de\/wp-content\/uploads\/2023\/05\/IMG_0852-2048x1536.jpg 2048w\" sizes=\"auto, (max-width: 1024px) 100vw, 1024px\" \/><\/figure>\n\n\n\n<figure class=\"wp-block-image size-large\"><img loading=\"lazy\" decoding=\"async\" width=\"1024\" height=\"768\" data-id=\"2734\" src=\"https:\/\/tennisclub-kehl.de\/wp-content\/uploads\/2023\/05\/IMG_0870-1024x768.jpg\" alt=\"\" class=\"wp-image-2734\" srcset=\"https:\/\/tennisclub-kehl.de\/wp-content\/uploads\/2023\/05\/IMG_0870-1024x768.jpg 1024w, https:\/\/tennisclub-kehl.de\/wp-content\/uploads\/2023\/05\/IMG_0870-300x225.jpg 300w, https:\/\/tennisclub-kehl.de\/wp-content\/uploads\/2023\/05\/IMG_0870-768x576.jpg 768w, https:\/\/tennisclub-kehl.de\/wp-content\/uploads\/2023\/05\/IMG_0870-1536x1152.jpg 1536w, https:\/\/tennisclub-kehl.de\/wp-content\/uploads\/2023\/05\/IMG_0870-2048x1536.jpg 2048w\" sizes=\"auto, (max-width: 1024px) 100vw, 1024px\" \/><\/figure>\n\n\n\n<figure class=\"wp-block-image size-large\"><img loading=\"lazy\" decoding=\"async\" width=\"1024\" height=\"768\" data-id=\"2726\" src=\"https:\/\/tennisclub-kehl.de\/wp-content\/uploads\/2023\/05\/IMG_0876-1024x768.jpg\" alt=\"\" class=\"wp-image-2726\" srcset=\"https:\/\/tennisclub-kehl.de\/wp-content\/uploads\/2023\/05\/IMG_0876-1024x768.jpg 1024w, https:\/\/tennisclub-kehl.de\/wp-content\/uploads\/2023\/05\/IMG_0876-300x225.jpg 300w, https:\/\/tennisclub-kehl.de\/wp-content\/uploads\/2023\/05\/IMG_0876-768x576.jpg 768w, https:\/\/tennisclub-kehl.de\/wp-content\/uploads\/2023\/05\/IMG_0876-1536x1152.jpg 1536w, https:\/\/tennisclub-kehl.de\/wp-content\/uploads\/2023\/05\/IMG_0876-2048x1536.jpg 2048w\" sizes=\"auto, (max-width: 1024px) 100vw, 1024px\" \/><\/figure>\n\n\n\n<figure class=\"wp-block-image size-large\"><img loading=\"lazy\" decoding=\"async\" width=\"1024\" height=\"768\" data-id=\"2727\" src=\"https:\/\/tennisclub-kehl.de\/wp-content\/uploads\/2023\/05\/IMG_0880-1024x768.jpg\" alt=\"\" class=\"wp-image-2727\" srcset=\"https:\/\/tennisclub-kehl.de\/wp-content\/uploads\/2023\/05\/IMG_0880-1024x768.jpg 1024w, https:\/\/tennisclub-kehl.de\/wp-content\/uploads\/2023\/05\/IMG_0880-300x225.jpg 300w, https:\/\/tennisclub-kehl.de\/wp-content\/uploads\/2023\/05\/IMG_0880-768x576.jpg 768w, https:\/\/tennisclub-kehl.de\/wp-content\/uploads\/2023\/05\/IMG_0880-1536x1152.jpg 1536w, https:\/\/tennisclub-kehl.de\/wp-content\/uploads\/2023\/05\/IMG_0880-2048x1536.jpg 2048w\" sizes=\"auto, (max-width: 1024px) 100vw, 1024px\" \/><\/figure>\n\n\n\n<figure class=\"wp-block-image size-large\"><img loading=\"lazy\" decoding=\"async\" width=\"1024\" height=\"768\" data-id=\"2728\" src=\"https:\/\/tennisclub-kehl.de\/wp-content\/uploads\/2023\/05\/IMG_0864-1024x768.jpg\" alt=\"\" class=\"wp-image-2728\" srcset=\"https:\/\/tennisclub-kehl.de\/wp-content\/uploads\/2023\/05\/IMG_0864-1024x768.jpg 1024w, https:\/\/tennisclub-kehl.de\/wp-content\/uploads\/2023\/05\/IMG_0864-300x225.jpg 300w, https:\/\/tennisclub-kehl.de\/wp-content\/uploads\/2023\/05\/IMG_0864-768x576.jpg 768w, https:\/\/tennisclub-kehl.de\/wp-content\/uploads\/2023\/05\/IMG_0864-1536x1152.jpg 1536w, https:\/\/tennisclub-kehl.de\/wp-content\/uploads\/2023\/05\/IMG_0864-2048x1536.jpg 2048w\" sizes=\"auto, (max-width: 1024px) 100vw, 1024px\" \/><\/figure>\n\n\n\n<figure class=\"wp-block-image size-large\"><img loading=\"lazy\" decoding=\"async\" width=\"1024\" height=\"576\" data-id=\"2730\" src=\"https:\/\/tennisclub-kehl.de\/wp-content\/uploads\/2023\/05\/20230422_121934-1024x576.jpg\" alt=\"\" class=\"wp-image-2730\" srcset=\"https:\/\/tennisclub-kehl.de\/wp-content\/uploads\/2023\/05\/20230422_121934-1024x576.jpg 1024w, https:\/\/tennisclub-kehl.de\/wp-content\/uploads\/2023\/05\/20230422_121934-300x169.jpg 300w, https:\/\/tennisclub-kehl.de\/wp-content\/uploads\/2023\/05\/20230422_121934-768x432.jpg 768w, https:\/\/tennisclub-kehl.de\/wp-content\/uploads\/2023\/05\/20230422_121934-1536x864.jpg 1536w, https:\/\/tennisclub-kehl.de\/wp-content\/uploads\/2023\/05\/20230422_121934-2048x1152.jpg 2048w\" sizes=\"auto, (max-width: 1024px) 100vw, 1024px\" \/><\/figure>\n<\/figure>\n\n\n\n<p><br><strong><em>Hansj\u00f6rg Schertel f\u00fcr 70 Jahre Mitgliedschaft geehrt<\/em><\/strong><\/p>\n\n\n\n<p>Eine besondere W\u00fcrdigung wurde zudem Hansj\u00f6rg Schertel zuteil. Seine Mitgliedschaft w\u00e4hrt bereits so lange, wie die Stadt Kehl wieder vollst\u00e4ndig frei ist nach franz\u00f6sischer Besatzung. Seit 1953 ist Schertel Mitglied des Tennisvereins. Seine Familiengeschichte ist dar\u00fcber hinaus nicht nur in den folgenden Generationen mit dem TC Kehl verbunden, sondern bereits seit den 20er Jahren, als sein Vater Emil Schertel als erfolgreicher Spieler in Erscheinung trat. Nach dem Krieg baute Emil Schertel den Club wieder mit auf und wurde sein erster Nachkriegspr\u00e4sident. Hansj\u00f6rg Schertel, der auch im Laufe seiner 70-j\u00e4hrigen Mitgliedschaft Spitzenspieler, Jugendtrainer und sogar Clubwirt gewesen war, erhielt zur Ehrenurkunde auch eine Sacher-Torte \u2013 ein f\u00fcr den Konditor- und B\u00e4ckermeister standesgem\u00e4\u00dfes Pr\u00e4sent.<\/p>\n\n\n<div class=\"wp-block-image\">\n<figure class=\"aligncenter size-large is-resized\"><img loading=\"lazy\" decoding=\"async\" src=\"https:\/\/tennisclub-kehl.de\/wp-content\/uploads\/2023\/05\/IMG_0895-768x1024.jpg\" alt=\"\" class=\"wp-image-2729\" width=\"384\" height=\"512\" srcset=\"https:\/\/tennisclub-kehl.de\/wp-content\/uploads\/2023\/05\/IMG_0895-768x1024.jpg 768w, https:\/\/tennisclub-kehl.de\/wp-content\/uploads\/2023\/05\/IMG_0895-225x300.jpg 225w, https:\/\/tennisclub-kehl.de\/wp-content\/uploads\/2023\/05\/IMG_0895-1152x1536.jpg 1152w, https:\/\/tennisclub-kehl.de\/wp-content\/uploads\/2023\/05\/IMG_0895-1536x2048.jpg 1536w, https:\/\/tennisclub-kehl.de\/wp-content\/uploads\/2023\/05\/IMG_0895-scaled.jpg 1920w\" sizes=\"auto, (max-width: 384px) 100vw, 384px\" \/><\/figure>\n<\/div>\n\n\n<p><br><strong><em>Mitgliederversammlung \u2013 Berichte des Vorstands<\/em><\/strong><\/p>\n\n\n\n<p>An die Saisoner\u00f6ffnung schloss sich unmittelbar die diesj\u00e4hrige Mitgliederversammlung im Clubhaus an. Der 1. Vorsitzende, Benjamin Sch\u00e4fer, erinnerte zu Beginn an das herausfordernde Fahrwasser, durch das der Tennisverein gesteuert werden musste. Neben der Suche nach einem neuen P\u00e4chter galt es vor allem die gestiegenen Energiepreise f\u00fcr den Verein und die Tennishalle einzukalkulieren. Dabei konnten durch Energieeinsparungen einerseits und eine Erh\u00f6hung der Hallengeb\u00fchren anderseits negative Folgen abgefedert werden. Ebenso profitierte der Verein noch von langfristig geschlossenen Vertr\u00e4gen. Die Qualit\u00e4t der Freipl\u00e4tze war ein weiteres Dauerthema der Saison. Monatelange Trockenheit und sturzbachartige Regenf\u00e4lle setzten den Pl\u00e4tzen genauso zu wie die mittweile lange Lebensdauer \u2013 70 Jahre ist ein Teil der Au\u00dfenpl\u00e4tze alt und eine teure Grundsanierung w\u00e4re geboten. Der Vorstand appellierte daher besonders an die Mitwirkung aller Mitglieder bei der Platzpflege \u2013 Spielen auf nicht gew\u00e4sserten Pl\u00e4tzen bei Trockenheit als auch auf zu weichen Pl\u00e4tzen ist Gift f\u00fcr die Platzpflege.<\/p>\n\n\n\n<figure class=\"wp-block-image size-large\"><img loading=\"lazy\" decoding=\"async\" width=\"1024\" height=\"576\" src=\"https:\/\/tennisclub-kehl.de\/wp-content\/uploads\/2023\/05\/20230422_133543-1024x576.jpg\" alt=\"\" class=\"wp-image-2731\" srcset=\"https:\/\/tennisclub-kehl.de\/wp-content\/uploads\/2023\/05\/20230422_133543-1024x576.jpg 1024w, https:\/\/tennisclub-kehl.de\/wp-content\/uploads\/2023\/05\/20230422_133543-300x169.jpg 300w, https:\/\/tennisclub-kehl.de\/wp-content\/uploads\/2023\/05\/20230422_133543-768x432.jpg 768w, https:\/\/tennisclub-kehl.de\/wp-content\/uploads\/2023\/05\/20230422_133543-1536x864.jpg 1536w, https:\/\/tennisclub-kehl.de\/wp-content\/uploads\/2023\/05\/20230422_133543-2048x1152.jpg 2048w\" sizes=\"auto, (max-width: 1024px) 100vw, 1024px\" \/><\/figure>\n\n\n\n<p><br><strong><em>Gr\u00fcne Zahlen f\u00fcr das vergangene Gesch\u00e4ftsjahr<\/em><\/strong><\/p>\n\n\n\n<p>Erfreulichere Nachrichten konnte Schatzmeister Lars M\u00fcnter der Versammlung pr\u00e4sentieren. Das Betriebsergebnis des vergangenen Gesch\u00e4ftsjahres zeigte beinah \u00fcberall gr\u00fcne Zahlen trotz der nach wie vor bestehenden Darlehenstilgung, die aus dem Clubhausbau in den 90er Jahren erwachsen ist. Zu dem positiven Ergebnis trugen dabei auch Sondereffekte bei wie eine Gro\u00dfspende und das Ausbleiben von Aufwendungen wie im Fall der 100-Jahr-Feier des Clubs. Der Ausblick konnte dennoch vorsichtig optimistisch ausfallen, da z.B. mit der Gastronomie auch wieder regul\u00e4re Pachtzahlungen an den Club flie\u00dfen. Die Kassenpr\u00fcferinnen empfahlen sp\u00e4ter im Anschluss an ihren Bericht die Entlastung des Schatzmeisters, die ebenso einstimmig erfolgte wie jene des gesamten Vorstands.<\/p>\n\n\n\n<p>Sportwart Curd Moldt gab einen \u00dcberblick \u00fcber das Abschneiden der Erwachsenenmannschaften. Neben den erfolgreichen Platzierungen der Herren-60-Mannschaft, die in der Oberliga Vizemeister wurde, und der Herren 30, die in der 1. Bezirksliga den dritten Platz erk\u00e4mpfte, verwies Moldt auf die Spielgemeinschaften, die die Damenmannschaft sowie die Herren 40 und 50 mit dem TC Urloffen, der TSG TV 08 Willst\u00e4tt bzw. dem TC Goldscheuer bilden \u2013 ein Trend, der \u00fcber alle Altersklassen im Tennisverband hinweg die schwierige Personalsituation zeigt. Bei den Juniorenmannschaften konnten dagegen stets alle Mannschaften vollz\u00e4hlig antreten. F\u00fcr die kommende Sommersaison sind auch wiederum f\u00fcnf Mannschaften gemeldet.<\/p>\n\n\n\n<p><\/p>\n\n\n\n<p><br><strong><em>Debatte(n) und Ehrenmitgliedschaft f\u00fcr Hans Staiger<\/em><\/strong><\/p>\n\n\n\n<p>Schriftf\u00fchrerin Inge M\u00fcll ging danach auf den Mitgliederstand ein, der in der vergangenen Saison r\u00fcckl\u00e4ufig war. Der Vorstand will das Gewinnen neuer Mitglieder deshalb zu einem Schwerpunkt seiner Arbeit in der neuen Saison machen und hat bereits durch eine Mitglieder-werben-Mitglieder-Aktion als auch durch \u201eVereins-Checks\u201c, gesponsert vom Olympischen Sportbund, einzelne Initiativen gestartet. Erfolgreich angelaufen war in der vergangenen Saison auch die Werbung f\u00fcr Gastspieler, die online einen Freiplatz buchen und die Gastgeb\u00fchr bezahlen k\u00f6nnen. Die \u00dcbertragung des Online-Platzbuchungssystems auf alle Freipl\u00e4tze zur besseren \u00dcbersicht wurde allerdings von den anwesenden Mitgliedern kontrovers diskutiert und stie\u00df nicht nur auf Gegenliebe.<\/p>\n\n\n\n<p>Einm\u00fctigkeit herrschte dagegen bei der Ernennung von Hans Staiger zum Ehrenmitglied des TC Kehl. Der langj\u00e4hrige Mannschaftsf\u00fchrer und Sportwart hat sich beim TC Kehl auch wegen der Organisation der \u201eSchleifchenturniere\u201c einen Platz in der Vereinsgeschichte verdient. Passend zu den vielen Versen, die Staiger zu Anl\u00e4ssen und Mitgliedern beim TC beigesteuert hat, wurde er von Sportwart Curd Moldt mit einem Gedicht geehrt. Ein Ausblick auf k\u00fcnftige Projekte wie die Aufwertung der Gr\u00fcnfl\u00e4chen schloss die Mitgliederversammlung ab, die mit einem gem\u00fctlichen Pizza-Essen auf der Clubterrasse ausklang. <\/p>\n\n\n\n<figure class=\"wp-block-image size-large\"><img loading=\"lazy\" decoding=\"async\" width=\"1024\" height=\"576\" src=\"https:\/\/tennisclub-kehl.de\/wp-content\/uploads\/2023\/05\/20230422_133829-1024x576.jpg\" alt=\"\" class=\"wp-image-2724\" srcset=\"https:\/\/tennisclub-kehl.de\/wp-content\/uploads\/2023\/05\/20230422_133829-1024x576.jpg 1024w, https:\/\/tennisclub-kehl.de\/wp-content\/uploads\/2023\/05\/20230422_133829-300x169.jpg 300w, https:\/\/tennisclub-kehl.de\/wp-content\/uploads\/2023\/05\/20230422_133829-768x432.jpg 768w, https:\/\/tennisclub-kehl.de\/wp-content\/uploads\/2023\/05\/20230422_133829-1536x864.jpg 1536w, https:\/\/tennisclub-kehl.de\/wp-content\/uploads\/2023\/05\/20230422_133829-2048x1152.jpg 2048w\" sizes=\"auto, (max-width: 1024px) 100vw, 1024px\" \/><\/figure>\n","protected":false},"excerpt":{"rendered":"<p>Tennisclub verband Saisoner\u00f6ffnung mit Jahreshauptversammlung und ehrte langj\u00e4hrige Mitglieder Das launische Aprilwetter zeigte sich bei der Saisoner\u00f6ffnung des TC Schwarz-Wei\u00df Kehl von einer freundlichen Seite: Im Sonnenschein auf der Clubterrasse konnte der Tennisverein seine langj\u00e4hrigen Mitglieder ehren. Die Begr\u00fc\u00dfung schloss den Dank an den neuen P\u00e4chter der Tennisgastst\u00e4tte ein: Die 2. Vorsitzende des TC Kehl, [&hellip;]<\/p>\n","protected":false},"author":6,"featured_media":2725,"comment_status":"closed","ping_status":"closed","sticky":false,"template":"","format":"standard","meta":{"footnotes":""},"categories":[5,4,8],"tags":[],"class_list":["post-2723","post","type-post","status-publish","format-standard","has-post-thumbnail","hentry","category-clubleben","category-erwachsene","category-informationen"],"_links":{"self":[{"href":"https:\/\/tennisclub-kehl.de\/index.php?rest_route=\/wp\/v2\/posts\/2723","targetHints":{"allow":["GET"]}}],"collection":[{"href":"https:\/\/tennisclub-kehl.de\/index.php?rest_route=\/wp\/v2\/posts"}],"about":[{"href":"https:\/\/tennisclub-kehl.de\/index.php?rest_route=\/wp\/v2\/types\/post"}],"author":[{"embeddable":true,"href":"https:\/\/tennisclub-kehl.de\/index.php?rest_route=\/wp\/v2\/users\/6"}],"replies":[{"embeddable":true,"href":"https:\/\/tennisclub-kehl.de\/index.php?rest_route=%2Fwp%2Fv2%2Fcomments&post=2723"}],"version-history":[{"count":5,"href":"https:\/\/tennisclub-kehl.de\/index.php?rest_route=\/wp\/v2\/posts\/2723\/revisions"}],"predecessor-version":[{"id":2741,"href":"https:\/\/tennisclub-kehl.de\/index.php?rest_route=\/wp\/v2\/posts\/2723\/revisions\/2741"}],"wp:featuredmedia":[{"embeddable":true,"href":"https:\/\/tennisclub-kehl.de\/index.php?rest_route=\/wp\/v2\/media\/2725"}],"wp:attachment":[{"href":"https:\/\/tennisclub-kehl.de\/index.php?rest_route=%2Fwp%2Fv2%2Fmedia&parent=2723"}],"wp:term":[{"taxonomy":"category","embeddable":true,"href":"https:\/\/tennisclub-kehl.de\/index.php?rest_route=%2Fwp%2Fv2%2Fcategories&post=2723"},{"taxonomy":"post_tag","embeddable":true,"href":"https:\/\/tennisclub-kehl.de\/index.php?rest_route=%2Fwp%2Fv2%2Ftags&post=2723"}],"curies":[{"name":"wp","href":"https:\/\/api.w.org\/{rel}","templated":true}]}}