{"id":2445,"date":"2022-08-10T17:56:18","date_gmt":"2022-08-10T15:56:18","guid":{"rendered":"https:\/\/tennisclub-kehl.de\/?p=2445"},"modified":"2025-05-06T22:10:20","modified_gmt":"2025-05-06T20:10:20","slug":"fahnen-am-tennisplatz-feierlich-gehisst%ef%bf%bc","status":"publish","type":"post","link":"https:\/\/tennisclub-kehl.de\/?p=2445","title":{"rendered":"Fahnen am Tennisplatz feierlich gehisst\ufffc"},"content":{"rendered":"\n<p>Welche Fahne weht heute? Diese Frage wird sich k\u00fcnftig jedem stellen, der an der Schwimmbadstra\u00dfe am Kehler Tennisclub vorbeikommt. Denn seit dem vergangenen Wochenende flattern gut sichtbar drei Fahnen im Wind und gr\u00fc\u00dfen alle Besucher*innen, Passanten und Mitglieder am Eingang der Tennisanlage. Seit 101 Jahren existiert der TC Schwarz-Weiss Kehl e.V. \u2013 die bewegte Geschichte der Stadt hat sich auch in der Vereinsgeschichte niedergeschlagen und dazu gef\u00fchrt, dass der Tennisclub seinen Standort nach dem Zweiten Weltkrieg ver\u00e4ndert hat. Wurde noch in den 20er und 30er Jahren in unmittelbarer N\u00e4he zum Rhein gespielt, liegt die Anlage heute in der Nachbarschaft von KT- und Rheinstadion und bildet gemeinsam mit diesen das bekannte Sportst\u00e4ttenareal im Kehler S\u00fcden.<\/p>\n\n\n\n<p>Die 100-Jahr-Feier im vergangenen Jahr war schlie\u00dflich der Anlass f\u00fcr eine besondere Geste der Stadt Kehl an den Tennisclub. Klaus Gras, selbst passionierter Tennisspieler und langj\u00e4hriges Mitglied beim TC, gab den Ansto\u00df zur Errichtung von drei Fahnenmasten im Eingangsbereich der Anlage und fand damit Geh\u00f6r bei den Verantwortlichen von Verein und Stadt. Die drei Fahnenmasten errichtete der Betriebshof Ende Mai an der Schwimmbadstra\u00dfe. Nun folgte das feierliche Hissen der Fahnen: Die Gr\u00fc\u00dfe der Stadt und von OB Wolfram Britz \u00fcberbrachte dabei dessen ehrenamtlicher Stellvertreter, Stadtrat Heinz Rith. Er erinnerte an den Wandel des Tennissports von seinen elit\u00e4ren Anf\u00e4ngen zum beliebten Volkssport w\u00e4hrend der Erfolge von Boris Becker und Steffi Graf. Das Geschenk der Stadt verband er mit dem Dank f\u00fcr das ehrenamtliche Engagement, das in vielen Kehler Vereinen so wichtig f\u00fcr die Jugend insbesondere in Corona-Zeiten sei. Als st\u00e4ndige Leihgabe \u00fcberreichte danach Ole M\u00fcller, Ehrenvorstand des Badischen Tennisverbandes, die gelb-rote BTV-Flagge an die Vertreter des TC Kehl. Seit 1986 ist er immer wieder gerngesehener Gast in Kehl und stand dem Club auch in schwierigen Zeiten zur Seite. Neben dem Wappen der Stadt Kehl und den badischen Greifen des BTV-Logos wird k\u00fcnftig auch eine Vereinsfahne des Tennisclubs im Wechsel mit der Europa-, Deutschland- und Regenbogenfahne im Wind h\u00e4ngen. Diese wurden von Organisator Klaus Gras und den anwesenden Vorstandsmitgliedern des TC gespendet.<\/p>\n\n\n\n<figure class=\"wp-block-image size-large\"><img loading=\"lazy\" decoding=\"async\" width=\"1024\" height=\"682\" src=\"https:\/\/tennisclub-kehl.de\/wp-content\/uploads\/2022\/08\/Foto1-1-1024x682.jpg\" alt=\"\" class=\"wp-image-2453\" srcset=\"https:\/\/tennisclub-kehl.de\/wp-content\/uploads\/2022\/08\/Foto1-1-1024x682.jpg 1024w, https:\/\/tennisclub-kehl.de\/wp-content\/uploads\/2022\/08\/Foto1-1-300x200.jpg 300w, https:\/\/tennisclub-kehl.de\/wp-content\/uploads\/2022\/08\/Foto1-1-768x512.jpg 768w, https:\/\/tennisclub-kehl.de\/wp-content\/uploads\/2022\/08\/Foto1-1.jpg 1280w\" sizes=\"auto, (max-width: 1024px) 100vw, 1024px\" \/><figcaption>v.l.n.r.: Stadtrat und ehrenamtlicher Stellvertreter des Oberb\u00fcrgermeisters Heinz Rith, Ehrenvorstand des Badischen Tennisverbandes Ole M\u00fcller, Organisator Klaus Gras, Pressewart TC Kehl Uli Hillenbrand und Schatzmeister Lars M\u00fcnter mit Flagge des BTV und Fahnenstangen im Hintergrund<\/figcaption><\/figure>\n\n\n\n<figure class=\"wp-block-image size-large\"><img loading=\"lazy\" decoding=\"async\" width=\"831\" height=\"1024\" src=\"https:\/\/tennisclub-kehl.de\/wp-content\/uploads\/2022\/08\/Foto2-1-831x1024.jpg\" alt=\"\" class=\"wp-image-2454\" srcset=\"https:\/\/tennisclub-kehl.de\/wp-content\/uploads\/2022\/08\/Foto2-1-831x1024.jpg 831w, https:\/\/tennisclub-kehl.de\/wp-content\/uploads\/2022\/08\/Foto2-1-243x300.jpg 243w, https:\/\/tennisclub-kehl.de\/wp-content\/uploads\/2022\/08\/Foto2-1-768x946.jpg 768w, https:\/\/tennisclub-kehl.de\/wp-content\/uploads\/2022\/08\/Foto2-1.jpg 961w\" sizes=\"auto, (max-width: 831px) 100vw, 831px\" \/><figcaption>v.l.n.r.: Stadtrat und ehrenamtlicher Stellvertreter des Oberb\u00fcrgermeisters Heinz Rith, Ehrenvorstand des Badischen Tennisverbandes Ole M\u00fcller, Organisator Klaus Gras, Schatzmeister TC Kehl Lars M\u00fcnter, Kehler Tennisjugend mit Trainer Goran Gerdijan<\/figcaption><\/figure>\n\n\n\n<figure class=\"wp-block-image size-large\"><img loading=\"lazy\" decoding=\"async\" width=\"1024\" height=\"690\" src=\"https:\/\/tennisclub-kehl.de\/wp-content\/uploads\/2022\/08\/Foto3-1-1024x690.jpg\" alt=\"\" class=\"wp-image-2455\" srcset=\"https:\/\/tennisclub-kehl.de\/wp-content\/uploads\/2022\/08\/Foto3-1-1024x690.jpg 1024w, https:\/\/tennisclub-kehl.de\/wp-content\/uploads\/2022\/08\/Foto3-1-300x202.jpg 300w, https:\/\/tennisclub-kehl.de\/wp-content\/uploads\/2022\/08\/Foto3-1-768x518.jpg 768w, https:\/\/tennisclub-kehl.de\/wp-content\/uploads\/2022\/08\/Foto3-1.jpg 1280w\" sizes=\"auto, (max-width: 1024px) 100vw, 1024px\" \/><\/figure>\n\n\n\n<figure class=\"wp-block-image size-full\"><img loading=\"lazy\" decoding=\"async\" width=\"768\" height=\"1024\" src=\"https:\/\/tennisclub-kehl.de\/wp-content\/uploads\/2022\/08\/Foto4-1.jpg\" alt=\"\" class=\"wp-image-2456\" srcset=\"https:\/\/tennisclub-kehl.de\/wp-content\/uploads\/2022\/08\/Foto4-1.jpg 768w, https:\/\/tennisclub-kehl.de\/wp-content\/uploads\/2022\/08\/Foto4-1-225x300.jpg 225w\" sizes=\"auto, (max-width: 768px) 100vw, 768px\" \/><\/figure>\n","protected":false},"excerpt":{"rendered":"<p>Welche Fahne weht heute? Diese Frage wird sich k\u00fcnftig jedem stellen, der an der Schwimmbadstra\u00dfe am Kehler Tennisclub vorbeikommt. Denn seit dem vergangenen Wochenende flattern gut sichtbar drei Fahnen im Wind und gr\u00fc\u00dfen alle Besucher*innen, Passanten und Mitglieder am Eingang der Tennisanlage. Seit 101 Jahren existiert der TC Schwarz-Weiss Kehl e.V. \u2013 die bewegte Geschichte [&hellip;]<\/p>\n","protected":false},"author":6,"featured_media":2453,"comment_status":"closed","ping_status":"closed","sticky":false,"template":"","format":"standard","meta":{"footnotes":""},"categories":[5,8],"tags":[],"class_list":["post-2445","post","type-post","status-publish","format-standard","has-post-thumbnail","hentry","category-clubleben","category-informationen"],"_links":{"self":[{"href":"https:\/\/tennisclub-kehl.de\/index.php?rest_route=\/wp\/v2\/posts\/2445","targetHints":{"allow":["GET"]}}],"collection":[{"href":"https:\/\/tennisclub-kehl.de\/index.php?rest_route=\/wp\/v2\/posts"}],"about":[{"href":"https:\/\/tennisclub-kehl.de\/index.php?rest_route=\/wp\/v2\/types\/post"}],"author":[{"embeddable":true,"href":"https:\/\/tennisclub-kehl.de\/index.php?rest_route=\/wp\/v2\/users\/6"}],"replies":[{"embeddable":true,"href":"https:\/\/tennisclub-kehl.de\/index.php?rest_route=%2Fwp%2Fv2%2Fcomments&post=2445"}],"version-history":[{"count":3,"href":"https:\/\/tennisclub-kehl.de\/index.php?rest_route=\/wp\/v2\/posts\/2445\/revisions"}],"predecessor-version":[{"id":2457,"href":"https:\/\/tennisclub-kehl.de\/index.php?rest_route=\/wp\/v2\/posts\/2445\/revisions\/2457"}],"wp:featuredmedia":[{"embeddable":true,"href":"https:\/\/tennisclub-kehl.de\/index.php?rest_route=\/wp\/v2\/media\/2453"}],"wp:attachment":[{"href":"https:\/\/tennisclub-kehl.de\/index.php?rest_route=%2Fwp%2Fv2%2Fmedia&parent=2445"}],"wp:term":[{"taxonomy":"category","embeddable":true,"href":"https:\/\/tennisclub-kehl.de\/index.php?rest_route=%2Fwp%2Fv2%2Fcategories&post=2445"},{"taxonomy":"post_tag","embeddable":true,"href":"https:\/\/tennisclub-kehl.de\/index.php?rest_route=%2Fwp%2Fv2%2Ftags&post=2445"}],"curies":[{"name":"wp","href":"https:\/\/api.w.org\/{rel}","templated":true}]}}