{"id":2315,"date":"2022-06-03T18:01:40","date_gmt":"2022-06-03T16:01:40","guid":{"rendered":"https:\/\/tennisclub-kehl.de\/?p=2315"},"modified":"2025-05-06T22:10:43","modified_gmt":"2025-05-06T20:10:43","slug":"baelle-fliegen-wieder-uebers-netz%ef%bf%bc","status":"publish","type":"post","link":"https:\/\/tennisclub-kehl.de\/?p=2315","title":{"rendered":"B\u00e4lle fliegen wieder \u00fcbers Netz\ufffc"},"content":{"rendered":"\n<p><em>Bei der Saisoner\u00f6ffnung des TC Kehl wurden zahlreiche langj\u00e4hrige Mitglieder geehrt.<\/em><\/p>\n\n\n\n<p>Tolles Tennis auf den Pl\u00e4tzen und strahlender Sonnenschein auf der Anlage: Clubpr\u00e4sident Benjamin Sch\u00e4fer konnte zur Saisoner\u00f6ffnung mit Freude feststellen, dass der TC Kehl wieder einmal vom Wetter beg\u00fcnstigt wurde. Nach der sonnigen 100-Jahr-Feier zum Ausklang im vergangenen Jahr herrschten auch zum Auftakt der neuen Sandplatzsaison beste Bedingungen. W\u00e4hrend auf der Anlage die ersten Mannschaftsspiele ausgetragen wurden, konnten Sch\u00e4fer und das Vorstandsteam auf der Clubterrasse einige der \u00e4ltesten Mitglieder des TC Kehl begr\u00fc\u00dfen. Dass manch einer erst vom Fu\u00dfball zum Tennis finden musste, wurde da fast entschuldigend eingeflochten, denn Lebensalter und L\u00e4nge der Mitgliedschaft korrelierten nicht immer.<\/p>\n\n\n\n<p>Edwin Scheerers Mitgliedschaft beim TC Kehl w\u00e4hrt bereits seit 50 Jahren. Von der BASF Ludwigshafen war er nach Willst\u00e4tt versetzt worden und w\u00e4hlte Kehl zu seinem neuen \u201eLebensmittelpunkt\u201c aus: \u201eAls leidenschaftlicher Tennisspieler bem\u00fchte ich mich im Jahr 1972 um die Aufnahme im Tennisclub \u201aTC Schwarz-Weiss Kehl e.V.\u2018\u201c Schnell wurde Scheerer damals auf der gut frequentierten Anlage angesprochen, vom anwesenden Vorstand Fritz Rumpelhardt herumgef\u00fchrt und auf die Spielm\u00f6glichkeiten und Aufnahmemodalit\u00e4ten hingewiesen: \u201eDamals war es noch verpflichtend, einen B\u00fcrgen zu benennen.\u201c Das war kein Hindernis, an dem die Mitgliedschaft von Scheerer scheitern sollte. Gemeinsam mit seiner Frau Monique trat er in den TC ein: \u201eF\u00fcnfzig sch\u00f6ne, ereignisreiche Jahre sind vergangen und ich werde dem Club immer dankbar sein f\u00fcr die rasche Integration von Ludwigshafen nach Kehl.\u201c<\/p>\n\n\n\n<p>Helmut Roth hatte seine Beitrittsbest\u00e4tigung gleich mitgenommen und konnte so an Ort und Stelle nachweisen, dass die Ehrung zu 50. Jahren Mitgliedschaft im TC Schwarz-Weiss Kehl einer Korrektur bedurfte: 54 Jahre ist er nun schon Mitglied \u2013 und musste zur damaligen Zeit neben dem Mitgliedsbeitrag noch 100 Mark Aufnahmegeb\u00fchr zahlen. Urspr\u00fcnglich kam er von Stuttgart nach Stra\u00dfburg, wo er Prokurist bei einer deutschen Firma war. Als Tennisspieler suchte er postwendend den Weg zum Tennisplatz in Kehl. Sein Auto mit franz\u00f6sischem Kennzeichen fiel dort der tennisbegeisterten Familie Parni\u00e8re auf, die sich nach dem Fahrer erkundigten \u2013 es ergab sich nicht nur der Eintritt des Ehepaars Roth in den TC Kehl, sondern auch eine lebenslange Freundschaft mit den Parni\u00e8res.<\/p>\n\n\n\n<p>Auf sogar 60 Jahre Mitgliedschaft im Club blickt Hans-Gerd Lingansch zur\u00fcck, gemeinsam mit seiner Frau Brigitte addierten sich f\u00fcr das Ehepaar stolze 100 Jahre Mitgliedschaft beim TC Kehl. Dass der Tennissport sich in dieser Zeit auch \u00e4u\u00dferlich von seinem einst elit\u00e4ren Ruf und der teils strengen Etikette befreit hat, zeigte ein Blick auf die Anlage: W\u00e4re die wei\u00dfe Spielbekleidung heute noch vorgeschrieben, h\u00e4tte der Gro\u00dfteil der Spieler des Platzes verwiesen werden m\u00fcssen. Zahlreiche Ehrenurkunden etwa f\u00fcr 20, 40 und 50 Jahre Mitgliedschaft (und Blumengr\u00fc\u00dfe zum Muttertag) wurden indes von Clubpr\u00e4sident Sch\u00e4fer und der 2. Vorsitzenden Yasmina Vivier \u00fcbergeben \u2013 darunter f\u00fcr Trainer-Legende Fadil \u0160eri\u0107, der zahllose Kinder und Jugendliche f\u00fcr den Tennissport in Kehl begeistert hat. Und mit Kirsten Oberle nahm auch die Enkelin des ersten Nachkriegs-Clubpr\u00e4sidenten Emil Schertel die verdiente Auszeichnung f\u00fcr 50 Jahre im TC entgegen. Eine ganz besondere Ehrung wurde zudem Hans Staiger zuteil: Auf Vorschlag des Vorstands riefen ihn die anwesenden Mitglieder zum Ehrenmitglied aus. Der Jubilar erinnerte sich an die Zeit zur\u00fcck, als er noch in der damaligen Hobby-Elf, der vereinseigenen Fu\u00dfballmannschaft des TC gespielt und gereimt hatte, und gab augenzwinkernd ein Gedicht zum Lob eines 80-J\u00e4hrigen zum Besten:<\/p>\n\n\n\n<p>\u201e\u201aSie sind ja noch ein junger Spund, noch knackig frisch und kerngesund.\u2018 \/ Erst hinterher da wird gehetzt: \u201aDen h\u00e4tt\u2018 ich auch viel \u00e4lter g\u2019sch\u00e4tzt\u2026\u2018\u201c&nbsp; Gehetzt wurde im Anschluss an die Ehrungen nicht, sondern mit Sekt und H\u00e4ppchen angesto\u00dfen und nat\u00fcrlich wurden viele Anekdoten und Erinnerungen ausgetauscht. Und auch in sportlicher Hinsicht war die Saisoner\u00f6ffnung ein Erfolg, denn die Herren-30-Mannschaft gewann gegen Freiburg-Z\u00e4hringen das Auftaktspiel in der 1. Bezirksliga im letzten Doppel im Match-Tiebreak.<\/p>\n\n\n\n<p><em>Edwin Scheerer erinnert sich an seine Aufnahme im TC Kehl vor 50 Jahren:<\/em> <em>\u201eIm Jahre 1971 wurde ich von der BASF Ludwigshafen nach Willst\u00e4tt versetzt und w\u00e4hlte Kehl f\u00fcr meinen neuen \u201eLebensmittelpunkt\u201c aus.<\/em> <em>Als leidenschaftlicher Tennisspieler bem\u00fchte ich mich im Jahre 1972 um die Aufnahme im Tennisclub \u201eTC Schwarz Weiss Kehl e.V.\u201c An einem Mittwoch besichtigte ich die Tennisanlage am Schwimmbad und war von der Gr\u00f6\u00dfe und von dem Clubhaus mehr als begeistert.<\/em> <em>Und die Anlage war sehr gut frequentiert. Man sah es mir an, dass ich kein Mitglied war. Wurde sehr bald vom Mitglied Herrn Alfred Wickers sehr h\u00f6flich angesprochen und dem Vorstand Herrn Rumpelhardt, er war zuf\u00e4llig auf der Anlage, vorgestellt. Mir wurde die Anlage gezeigt und auf die Spielm\u00f6glichkeit, Tennisturniere, hingewiesen. Ebenfalls auf die Aufnahme Modalit\u00e4ten. Damals war es verpflichtend, einen B\u00fcrgen zu<\/em> <em>benennen. BASF war w\u00fcrdig, und mir wurde auch die Aufnahmegeb\u00fchr erlassen, da ich bereits im Tennisclub BASF Ludwigshafen Mitglied war.<\/em> <em>Somit wurde meine Frau Monique und ich Mitglied, was wir bis heute nicht bereut haben. Im Gegenteil; wir spielten mit in den Medenrunden, halfen<\/em> <em>beim Abr\u00e4umen bzw. Aufbau der Tennispl\u00e4tze mit und reinigten mit dem Hochdruckreiniger von Roland Hammel die Bestuhlung der Tennispl\u00e4tze, wobei er tatkr\u00e4ftig mithalf. Auch wirkte ich mit bei der Renovierung der Herren Garderobe.<\/em> <em>F\u00fcnfzig sch\u00f6ne, ereignisreiche Jahre sind vergangen, wobei in den fr\u00fcheren Jahren der Zusammenhalt, die Gem\u00fctlichkeit, das Clubleben sehr stark ausgepr\u00e4gt war. Werde dem Club immer dankbar sein f\u00fcr die rasche Integration von Ludwigshafen nach Kehl.\u201c<\/em><\/p>\n\n\n\n<p><\/p>\n","protected":false},"excerpt":{"rendered":"<p>Bei der Saisoner\u00f6ffnung des TC Kehl wurden zahlreiche langj\u00e4hrige Mitglieder geehrt.<\/p>\n","protected":false},"author":1,"featured_media":2322,"comment_status":"closed","ping_status":"closed","sticky":false,"template":"","format":"standard","meta":{"footnotes":""},"categories":[5,4,8,3],"tags":[],"class_list":["post-2315","post","type-post","status-publish","format-standard","has-post-thumbnail","hentry","category-clubleben","category-erwachsene","category-informationen","category-jugend"],"_links":{"self":[{"href":"https:\/\/tennisclub-kehl.de\/index.php?rest_route=\/wp\/v2\/posts\/2315","targetHints":{"allow":["GET"]}}],"collection":[{"href":"https:\/\/tennisclub-kehl.de\/index.php?rest_route=\/wp\/v2\/posts"}],"about":[{"href":"https:\/\/tennisclub-kehl.de\/index.php?rest_route=\/wp\/v2\/types\/post"}],"author":[{"embeddable":true,"href":"https:\/\/tennisclub-kehl.de\/index.php?rest_route=\/wp\/v2\/users\/1"}],"replies":[{"embeddable":true,"href":"https:\/\/tennisclub-kehl.de\/index.php?rest_route=%2Fwp%2Fv2%2Fcomments&post=2315"}],"version-history":[{"count":1,"href":"https:\/\/tennisclub-kehl.de\/index.php?rest_route=\/wp\/v2\/posts\/2315\/revisions"}],"predecessor-version":[{"id":2335,"href":"https:\/\/tennisclub-kehl.de\/index.php?rest_route=\/wp\/v2\/posts\/2315\/revisions\/2335"}],"wp:featuredmedia":[{"embeddable":true,"href":"https:\/\/tennisclub-kehl.de\/index.php?rest_route=\/wp\/v2\/media\/2322"}],"wp:attachment":[{"href":"https:\/\/tennisclub-kehl.de\/index.php?rest_route=%2Fwp%2Fv2%2Fmedia&parent=2315"}],"wp:term":[{"taxonomy":"category","embeddable":true,"href":"https:\/\/tennisclub-kehl.de\/index.php?rest_route=%2Fwp%2Fv2%2Fcategories&post=2315"},{"taxonomy":"post_tag","embeddable":true,"href":"https:\/\/tennisclub-kehl.de\/index.php?rest_route=%2Fwp%2Fv2%2Ftags&post=2315"}],"curies":[{"name":"wp","href":"https:\/\/api.w.org\/{rel}","templated":true}]}}