{"id":2260,"date":"2022-05-15T17:45:36","date_gmt":"2022-05-15T15:45:36","guid":{"rendered":"https:\/\/tennisclub-kehl.de\/?p=2260"},"modified":"2022-05-15T17:45:36","modified_gmt":"2022-05-15T15:45:36","slug":"mit-rueckenwind-ins-101-vereinsjahr-mitgliederversammlung-und-neuwahlen-beim-tc-kehl","status":"publish","type":"post","link":"https:\/\/tennisclub-kehl.de\/?p=2260","title":{"rendered":"Mit R\u00fcckenwind ins 101. Vereinsjahr \u2013 Mitgliederversammlung und Neuwahlen beim TC Kehl"},"content":{"rendered":"\n<p><em>Mit einem gelungenen Jubil\u00e4um im R\u00fccken und einem verj\u00fcngten F\u00fchrungsteam an der Spitze startet der TC Schwarz-Wei\u00df Kehl in die kommende Sandplatzsaison<\/em>.<\/p>\n\n\n\n<p>Einhellig positiv waren die R\u00fcckmeldungen bei der diesj\u00e4hrigen Mitgliederversammlung \u00fcber das gro\u00dfe Vereinsfest im vergangenen September: Im traditionellen Wei\u00df hatte der TC Kehl sein 100-j\u00e4hriges Bestehen als Verein gefeiert \u2013 ein Jubil\u00e4um, auf das nicht allzu viele Tennisclubs in Baden zur\u00fcckblicken k\u00f6nnen. Nachdem Benjamin Sch\u00e4fer, der 1. Vorsitzende des TC, die anwesenden Mitglieder auf der Vereinsterrasse begr\u00fc\u00dft und einen Blick auf das zur\u00fcckliegende Gesch\u00e4ftsjahr geworfen hatte, folgte Schatzmeister Tobias Gillmann mit seinem Bericht. Wie im Vorjahr konnte der Tennisverein dabei einen positiven Jahres\u00fcberschuss erzielen \u2013 trotz der erh\u00f6hten Aufwendungen zur Gestaltung des Clubjubil\u00e4ums. Mit etwas mehr Sorge blickt der Verein dagegen in die Zukunft: Die coronabedingten niedrigeren Kosten f\u00fcr Wasser und Energie d\u00fcrften angesichts der aktuellen Entwicklung f\u00fcrs Erste der Vergangenheit angeh\u00f6ren. Neben dem Blick auf Einnahmen und Ausgaben galt ein weiterer Hinweis dem Hallenbuchungssystem, das benutzerfreundlicher und in der Abrechnung unkomplizierter werden soll. &nbsp;Der anschlie\u00dfenden Empfehlung der Kassenpr\u00fcfer folgte die Mitgliederversammlung: Vorstand und Schatzmeister wurden einstimmig entlastet.<\/p>\n\n\n\n<p>Ver\u00e4nderungen ergaben sich durch die anschlie\u00dfenden Neuwahlen des Vorstandes: Yasmina Vivier, die bisherige Jugendwartin, wurde neben Club-Pr\u00e4sident Benjamin Sch\u00e4fer zur 2. Vorsitzenden gew\u00e4hlt. Sie folgt damit Angela von Lonski, die nach einer verdienstvollen Amtszeit nicht mehr antrat. Die Aufgaben von Schatzmeister Tobias Gillmann werden k\u00fcnftig von Lars M\u00fcnter wahrgenommen, in das Amt der Jugendwartin r\u00fcckt Kathrin Guth nach und Pressewart Vincente Sanz Segui wird von Uli Hillenbrand beerbt. Kassenpr\u00fcferinnen sind<\/p>\n\n\n\n<p>Margarita Blechschmidt und neu gew\u00e4hlt Simone M\u00fcll-Fus, die damit den langj\u00e4hrig t\u00e4tigen<\/p>\n\n\n\n<p>Gottfried Stenzel ersetzt. Komplettiert wird das Vorstandsteam wie bisher durch Inge M\u00fcll (Schriftf\u00fchrerin), Donato Sica (Technischer Wart) und Curd Moldt (Sportwart).<\/p>\n\n\n\n<p>Der Ausblick in die Zukunft setzte danach beim Wirtschaftsplan an, der eine schwarze Null anstrebt. Deutlich wurde, dass die Finanzlage des Vereins trotz der positiven Entwicklung in den vergangenen Jahren keine besonderen Investitionen zul\u00e4sst und R\u00fccklagen allenfalls f\u00fcr notwendige und dringende Reparaturen reichen. Daher werden auch bei k\u00fcnftigen Projekten wieder die Vereinsmitglieder selbst gefragt sein anzupacken. 420 Mitglieder z\u00e4hlt der TC Kehl, darunter 156 Jugendliche. Vorgestellt und diskutiert wurden zum Schluss auch eine Neufassung der in die Jahre gekommenen Satzung und eine neu eingef\u00fchrte Beitragsordnung. Beide wurden abschlie\u00dfend von der Mitgliederversammlung einstimmig angenommen.<\/p>\n\n\n\n<p>In die Sommersaison startet der TC Kehl wieder mit zahlreichen Mannschaften, die in ihren Ligen ab Anfang Mai aufschlagen. Unter den Herren-Mannschaften, die in allen Altersklassen vertreten sind, spielt das Team der Herren 60 in der Oberliga und die Herren-30-Mannschaft nach Aufstieg im letzten Jahr in der 1. Bezirksliga.<\/p>\n\n\n\n<figure class=\"wp-block-gallery has-nested-images columns-default is-cropped wp-block-gallery-1 is-layout-flex wp-block-gallery-is-layout-flex\">\n<figure class=\"wp-block-image size-large\"><img loading=\"lazy\" decoding=\"async\" width=\"1024\" height=\"768\" data-id=\"2261\" src=\"https:\/\/tennisclub-kehl.de\/wp-content\/uploads\/2022\/05\/IMG-20220403-WA0002-1024x768.jpg\" alt=\"\" class=\"wp-image-2261\" srcset=\"https:\/\/tennisclub-kehl.de\/wp-content\/uploads\/2022\/05\/IMG-20220403-WA0002-1024x768.jpg 1024w, https:\/\/tennisclub-kehl.de\/wp-content\/uploads\/2022\/05\/IMG-20220403-WA0002-300x225.jpg 300w, https:\/\/tennisclub-kehl.de\/wp-content\/uploads\/2022\/05\/IMG-20220403-WA0002-768x576.jpg 768w, https:\/\/tennisclub-kehl.de\/wp-content\/uploads\/2022\/05\/IMG-20220403-WA0002-1536x1152.jpg 1536w, https:\/\/tennisclub-kehl.de\/wp-content\/uploads\/2022\/05\/IMG-20220403-WA0002.jpg 1600w\" sizes=\"auto, (max-width: 1024px) 100vw, 1024px\" \/><\/figure>\n\n\n\n<figure class=\"wp-block-image size-large\"><img loading=\"lazy\" decoding=\"async\" width=\"1024\" height=\"768\" data-id=\"2262\" src=\"https:\/\/tennisclub-kehl.de\/wp-content\/uploads\/2022\/05\/IMG-20220403-WA0001-1024x768.jpg\" alt=\"\" class=\"wp-image-2262\" srcset=\"https:\/\/tennisclub-kehl.de\/wp-content\/uploads\/2022\/05\/IMG-20220403-WA0001-1024x768.jpg 1024w, https:\/\/tennisclub-kehl.de\/wp-content\/uploads\/2022\/05\/IMG-20220403-WA0001-300x225.jpg 300w, https:\/\/tennisclub-kehl.de\/wp-content\/uploads\/2022\/05\/IMG-20220403-WA0001-768x576.jpg 768w, https:\/\/tennisclub-kehl.de\/wp-content\/uploads\/2022\/05\/IMG-20220403-WA0001-1536x1152.jpg 1536w, https:\/\/tennisclub-kehl.de\/wp-content\/uploads\/2022\/05\/IMG-20220403-WA0001.jpg 1600w\" sizes=\"auto, (max-width: 1024px) 100vw, 1024px\" \/><\/figure>\n<\/figure>\n","protected":false},"excerpt":{"rendered":"<p>Mit einem gelungenen Jubil\u00e4um im R\u00fccken und einem verj\u00fcngten F\u00fchrungsteam an der Spitze startet der TC Schwarz-Wei\u00df Kehl in die kommende Sandplatzsaison. Einhellig positiv waren die R\u00fcckmeldungen bei der diesj\u00e4hrigen Mitgliederversammlung \u00fcber das gro\u00dfe Vereinsfest im vergangenen September: Im traditionellen Wei\u00df hatte der TC Kehl sein 100-j\u00e4hriges Bestehen als Verein gefeiert \u2013 ein Jubil\u00e4um, auf [&hellip;]<\/p>\n","protected":false},"author":1,"featured_media":2262,"comment_status":"closed","ping_status":"open","sticky":false,"template":"","format":"standard","meta":{"footnotes":""},"categories":[5,8],"tags":[13,14,12],"class_list":["post-2260","post","type-post","status-publish","format-standard","has-post-thumbnail","hentry","category-clubleben","category-informationen","tag-101-vereinsjahr","tag-neuwahlen","tag-vorstand"],"_links":{"self":[{"href":"https:\/\/tennisclub-kehl.de\/index.php?rest_route=\/wp\/v2\/posts\/2260","targetHints":{"allow":["GET"]}}],"collection":[{"href":"https:\/\/tennisclub-kehl.de\/index.php?rest_route=\/wp\/v2\/posts"}],"about":[{"href":"https:\/\/tennisclub-kehl.de\/index.php?rest_route=\/wp\/v2\/types\/post"}],"author":[{"embeddable":true,"href":"https:\/\/tennisclub-kehl.de\/index.php?rest_route=\/wp\/v2\/users\/1"}],"replies":[{"embeddable":true,"href":"https:\/\/tennisclub-kehl.de\/index.php?rest_route=%2Fwp%2Fv2%2Fcomments&post=2260"}],"version-history":[{"count":2,"href":"https:\/\/tennisclub-kehl.de\/index.php?rest_route=\/wp\/v2\/posts\/2260\/revisions"}],"predecessor-version":[{"id":2264,"href":"https:\/\/tennisclub-kehl.de\/index.php?rest_route=\/wp\/v2\/posts\/2260\/revisions\/2264"}],"wp:featuredmedia":[{"embeddable":true,"href":"https:\/\/tennisclub-kehl.de\/index.php?rest_route=\/wp\/v2\/media\/2262"}],"wp:attachment":[{"href":"https:\/\/tennisclub-kehl.de\/index.php?rest_route=%2Fwp%2Fv2%2Fmedia&parent=2260"}],"wp:term":[{"taxonomy":"category","embeddable":true,"href":"https:\/\/tennisclub-kehl.de\/index.php?rest_route=%2Fwp%2Fv2%2Fcategories&post=2260"},{"taxonomy":"post_tag","embeddable":true,"href":"https:\/\/tennisclub-kehl.de\/index.php?rest_route=%2Fwp%2Fv2%2Ftags&post=2260"}],"curies":[{"name":"wp","href":"https:\/\/api.w.org\/{rel}","templated":true}]}}