{"id":2215,"date":"2022-02-16T16:10:00","date_gmt":"2022-02-16T14:10:00","guid":{"rendered":"https:\/\/tennisclub-kehl.de\/?p=2215"},"modified":"2022-03-16T16:13:34","modified_gmt":"2022-03-16T14:13:34","slug":"goran-gerdijan-trifft-novak-dokovic-in-belgrad","status":"publish","type":"post","link":"https:\/\/tennisclub-kehl.de\/?p=2215","title":{"rendered":"Goran Gerdijan trifft Novak \u0110okovi\u0107 in Belgrad"},"content":{"rendered":"\n<p>Goran Gerdijan war am vergangenen Wochenende in Belgrad (Serbien) und traf dort Novak \u0110okovi\u0107 h\u00f6chst pers\u00f6nlich, die derzeitige Nr. 1 der Weltrangliste.  <\/p>\n\n\n\n<figure class=\"wp-block-image size-full\"><img loading=\"lazy\" decoding=\"async\" width=\"819\" height=\"1024\" src=\"https:\/\/tennisclub-kehl.de\/wp-content\/uploads\/2022\/03\/2022_Djokovic_3-819x1024-1.jpg\" alt=\"\" class=\"wp-image-2216\" srcset=\"https:\/\/tennisclub-kehl.de\/wp-content\/uploads\/2022\/03\/2022_Djokovic_3-819x1024-1.jpg 819w, https:\/\/tennisclub-kehl.de\/wp-content\/uploads\/2022\/03\/2022_Djokovic_3-819x1024-1-240x300.jpg 240w, https:\/\/tennisclub-kehl.de\/wp-content\/uploads\/2022\/03\/2022_Djokovic_3-819x1024-1-768x960.jpg 768w\" sizes=\"auto, (max-width: 819px) 100vw, 819px\" \/><\/figure>\n","protected":false},"excerpt":{"rendered":"<p>Goran Gerdijan war am vergangenen Wochenende in Belgrad (Serbien) und traf dort Novak \u0110okovi\u0107 h\u00f6chst pers\u00f6nlich, die derzeitige Nr. 1 der Weltrangliste&#8230; <\/p>\n","protected":false},"author":1,"featured_media":2218,"comment_status":"closed","ping_status":"open","sticky":false,"template":"","format":"standard","meta":{"footnotes":""},"categories":[5,4],"tags":[],"class_list":["post-2215","post","type-post","status-publish","format-standard","has-post-thumbnail","hentry","category-clubleben","category-erwachsene"],"_links":{"self":[{"href":"https:\/\/tennisclub-kehl.de\/index.php?rest_route=\/wp\/v2\/posts\/2215","targetHints":{"allow":["GET"]}}],"collection":[{"href":"https:\/\/tennisclub-kehl.de\/index.php?rest_route=\/wp\/v2\/posts"}],"about":[{"href":"https:\/\/tennisclub-kehl.de\/index.php?rest_route=\/wp\/v2\/types\/post"}],"author":[{"embeddable":true,"href":"https:\/\/tennisclub-kehl.de\/index.php?rest_route=\/wp\/v2\/users\/1"}],"replies":[{"embeddable":true,"href":"https:\/\/tennisclub-kehl.de\/index.php?rest_route=%2Fwp%2Fv2%2Fcomments&post=2215"}],"version-history":[{"count":1,"href":"https:\/\/tennisclub-kehl.de\/index.php?rest_route=\/wp\/v2\/posts\/2215\/revisions"}],"predecessor-version":[{"id":2219,"href":"https:\/\/tennisclub-kehl.de\/index.php?rest_route=\/wp\/v2\/posts\/2215\/revisions\/2219"}],"wp:featuredmedia":[{"embeddable":true,"href":"https:\/\/tennisclub-kehl.de\/index.php?rest_route=\/wp\/v2\/media\/2218"}],"wp:attachment":[{"href":"https:\/\/tennisclub-kehl.de\/index.php?rest_route=%2Fwp%2Fv2%2Fmedia&parent=2215"}],"wp:term":[{"taxonomy":"category","embeddable":true,"href":"https:\/\/tennisclub-kehl.de\/index.php?rest_route=%2Fwp%2Fv2%2Fcategories&post=2215"},{"taxonomy":"post_tag","embeddable":true,"href":"https:\/\/tennisclub-kehl.de\/index.php?rest_route=%2Fwp%2Fv2%2Ftags&post=2215"}],"curies":[{"name":"wp","href":"https:\/\/api.w.org\/{rel}","templated":true}]}}