{"id":2159,"date":"2021-07-13T16:00:00","date_gmt":"2021-07-13T14:00:00","guid":{"rendered":"https:\/\/tennisclub-kehl.de\/?p=2159"},"modified":"2021-12-16T16:02:22","modified_gmt":"2021-12-16T14:02:22","slug":"mitgliederversammlung-2021","status":"publish","type":"post","link":"https:\/\/tennisclub-kehl.de\/?p=2159","title":{"rendered":"Mitgliederversammlung 2021"},"content":{"rendered":"\n<h2 class=\"wp-block-heading\">Mitglieder vom&nbsp;Tennisclub Kehl&nbsp;blicken auf die 100 Jahr Feier<\/h2>\n\n\n\n<p>von Klaus Gras<\/p>\n\n\n\n<p>Die diesj\u00e4hrige Mitgliederversammlung vom Tennisclub Kehl stand unter dem Zeichen der Vorbereitungen zur 100 Jahr Feier die am 18. September 2021 den gesamten Tag gefeiert wird. Pr\u00e4sident Benjamin Sch\u00e4fer er\u00f6ffnete die Mitgliederversammlung und stellte die satzungsgem\u00e4\u00dfe Einladung fest. Das Gesch\u00e4ftsjahr stand wie bei allen Vereinen komplett unter dem Zeichen des Covid 19. Umso erstaunlicher ist die Tatsache, dass der TC Kehl insgesamt 31 Neumitglieder begr\u00fc\u00dfen konnte. Damit stieg die Mitgliederzahl auf 415 Personen. Das ist sehr erfreulich. Auch wurden bauliche \u00c4nderungen w\u00e4hrend der Pandemie vorgenommen. So konnten die Umkleide- und Duschr\u00e4ume instand gesetzt und versch\u00f6nert werden. Aus dem ehemaligen Abstellraum f\u00fcr Besen und Schaufeln wurde ein Trimm dich Raum gestaltet. Dieser Raum bekam eine gro\u00dfe Glasfront mit direktem Blick in die vereinseigene Tennishalle. Die Ger\u00e4te fanden einen neuen Platz in einem Container. Zus\u00e4tzlich wurde der Kinderspielplatz auf der Tennisanlage mit neuen Ger\u00e4ten ausgestattet. Erfreut \u00e4u\u00dferte sich Pr\u00e4sident Sch\u00e4fer dar\u00fcber, dass viele Spenden geholfen haben, diese Investitionen zu erm\u00f6glichen. Trotz der Pandemie konnte der Schatzmeister Tobias Gillmann ein Plus von fast 10.000 Euro vermelden.<\/p>\n\n\n\n<p>Die 2. Vorsitzende Angela von Lonski berichtete ausf\u00fchrlich \u00fcber die geplanten Aktivit\u00e4ten zur 100 Jahr Feier. Es gibt nur wenige Vereine in Kehl, die solch einen gro\u00dfen Geburtstag feiern k\u00f6nnen. Mit sportlichen Aktivit\u00e4ten und Essen und Trinken. Eine mehrteilige Serie wird in der Kehler Zeitung davon berichten. W\u00e4hrend der Mitgliederversammlung wurden noch einige gute Ideen ge\u00e4u\u00dfert, die es gilt jetzt umzusetzen.<\/p>\n\n\n\n<p>Der Tennisclub ist ein Sportverein und deshalb berichtete Curd Moldt in seiner Eigenschaft als Sportwart dar\u00fcber, dass sieben Erwachsene und f\u00fcnf Jugendmannschaften aufschlugen. Obwohl die Saison noch nicht komplett beendet ist, gab es bereits zwei Meisterschaften zu verk\u00fcnden. Mit der U 18 gewannen die Jugendlichen souver\u00e4n die Meisterschaft und lassen bereits heute hoffen, dass viele im Erwachsenenbereich eingesetzt werden k\u00f6nnen. Auch die Herren 30 meldeten den Erfolg der Meisterschaft. Bei den Herren 60 ist noch alles offen in der Oberliga Baden. Sehr zufrieden wurde die Versammlung nach 2 Stunden vom Pr\u00e4sidenten Sch\u00e4fer geschlossen.<\/p>\n\n\n\n<p>Einen au\u00dferordentlichen Schnappschuss ist Fotograf Erwin Lang gelungen. Vor dem Wasserturm spiegelt sich der Vorstand des TC Kehl.<\/p>\n\n\n\n<div class=\"wp-block-image\"><figure class=\"aligncenter size-large\"><img loading=\"lazy\" decoding=\"async\" width=\"772\" height=\"1024\" src=\"https:\/\/tennisclub-kehl.de\/wp-content\/uploads\/2021\/12\/2021_Vorstand_Wasserspiegelung-772x1024.jpg\" alt=\"\" class=\"wp-image-2109\" srcset=\"https:\/\/tennisclub-kehl.de\/wp-content\/uploads\/2021\/12\/2021_Vorstand_Wasserspiegelung-772x1024.jpg 772w, https:\/\/tennisclub-kehl.de\/wp-content\/uploads\/2021\/12\/2021_Vorstand_Wasserspiegelung-226x300.jpg 226w, https:\/\/tennisclub-kehl.de\/wp-content\/uploads\/2021\/12\/2021_Vorstand_Wasserspiegelung-768x1019.jpg 768w, https:\/\/tennisclub-kehl.de\/wp-content\/uploads\/2021\/12\/2021_Vorstand_Wasserspiegelung-1157x1536.jpg 1157w, https:\/\/tennisclub-kehl.de\/wp-content\/uploads\/2021\/12\/2021_Vorstand_Wasserspiegelung-1543x2048.jpg 1543w, https:\/\/tennisclub-kehl.de\/wp-content\/uploads\/2021\/12\/2021_Vorstand_Wasserspiegelung-scaled.jpg 1929w\" sizes=\"auto, (max-width: 772px) 100vw, 772px\" \/><\/figure><\/div>\n\n\n\n<p class=\"has-text-align-center\">v.l.n.r. Yasmina Vivier, Vicente Sanz Segui, Inge M\u00fcll, Benjamin Sch\u00e4fer, Angela von Lonski,<br>Curd Moldt, Tobias Gillmann und Donato Sica<\/p>\n","protected":false},"excerpt":{"rendered":"<p>Die diesj\u00e4hrige Mitgliederversammlung vom Tennisclub Kehl stand unter dem Zeichen der Vorbereitungen zur 100 Jahr Feier die am 18. September 2021 den gesamten Tag gefeiert wird. <\/p>\n","protected":false},"author":1,"featured_media":0,"comment_status":"closed","ping_status":"open","sticky":false,"template":"","format":"standard","meta":{"footnotes":""},"categories":[5,8],"tags":[],"class_list":["post-2159","post","type-post","status-publish","format-standard","hentry","category-clubleben","category-informationen"],"_links":{"self":[{"href":"https:\/\/tennisclub-kehl.de\/index.php?rest_route=\/wp\/v2\/posts\/2159","targetHints":{"allow":["GET"]}}],"collection":[{"href":"https:\/\/tennisclub-kehl.de\/index.php?rest_route=\/wp\/v2\/posts"}],"about":[{"href":"https:\/\/tennisclub-kehl.de\/index.php?rest_route=\/wp\/v2\/types\/post"}],"author":[{"embeddable":true,"href":"https:\/\/tennisclub-kehl.de\/index.php?rest_route=\/wp\/v2\/users\/1"}],"replies":[{"embeddable":true,"href":"https:\/\/tennisclub-kehl.de\/index.php?rest_route=%2Fwp%2Fv2%2Fcomments&post=2159"}],"version-history":[{"count":2,"href":"https:\/\/tennisclub-kehl.de\/index.php?rest_route=\/wp\/v2\/posts\/2159\/revisions"}],"predecessor-version":[{"id":2161,"href":"https:\/\/tennisclub-kehl.de\/index.php?rest_route=\/wp\/v2\/posts\/2159\/revisions\/2161"}],"wp:attachment":[{"href":"https:\/\/tennisclub-kehl.de\/index.php?rest_route=%2Fwp%2Fv2%2Fmedia&parent=2159"}],"wp:term":[{"taxonomy":"category","embeddable":true,"href":"https:\/\/tennisclub-kehl.de\/index.php?rest_route=%2Fwp%2Fv2%2Fcategories&post=2159"},{"taxonomy":"post_tag","embeddable":true,"href":"https:\/\/tennisclub-kehl.de\/index.php?rest_route=%2Fwp%2Fv2%2Ftags&post=2159"}],"curies":[{"name":"wp","href":"https:\/\/api.w.org\/{rel}","templated":true}]}}