{"id":2145,"date":"2021-10-16T14:47:00","date_gmt":"2021-10-16T12:47:00","guid":{"rendered":"https:\/\/tennisclub-kehl.de\/?p=2145"},"modified":"2022-02-16T13:22:41","modified_gmt":"2022-02-16T11:22:41","slug":"artikel-4-4-serie-100-jahre-tennisclub-sw-kehl-e-v","status":"publish","type":"post","link":"https:\/\/tennisclub-kehl.de\/?p=2145","title":{"rendered":"Artikel 4\/4 &#8211; Serie &#8222;100 Jahre Tennisclub SW Kehl e.V.&#8220;"},"content":{"rendered":"\n<h2 class=\"wp-block-heading\">St\u00e4rken des Wir-Gef\u00fchls<\/h2>\n\n\n\n<h3 class=\"has-text-align-left wp-block-heading\">von Klaus Gras<\/h3>\n\n\n\n<p>Der Tennisclub Kehl blickt mit Stolz in diesem Jahr auf 100 Jahre Vereinsgeschichte zur\u00fcck. Mit einer vierteiligen Serie w\u00fcrdigt die Kehler Zeitung den runden Geburtstag. In der letzten Serie erfolgt eine Zusammenfassung der Tennisszene von einst bis heute.<\/p>\n\n\n\n<p>Die Gesellschaft von 1921 hatte nach dem schrecklichen 1. Weltkrieg gerade drei Jahre hinter sich gebracht. Es galt das Land zu ordnen, die Toten zu beklagen und die Verletzten zu versorgen. In dieser Zeit den Blick \u00fcber den Alltags-Tellerrand schweifen zu lassen, bedurfte einer besonderen F\u00e4higkeit. Es war Amtsrichter Freiherr Hans von Frankenberg, der diese F\u00e4higkeit besa\u00df. Ihm ist zu verdanken, dass erste Gespr\u00e4che zur Gr\u00fcndung eines Tennis Clubs gef\u00fchrt wurden. Es war Stadtbaumeister Fritz Sch\u00e4fer der die z\u00fcndende Idee hatte, ein Grundst\u00fcck hinterm Rheindamm in der N\u00e4he des Bahnhofes zur Verf\u00fcgung zu stellen. In der Serie drei wurde Fritz Sch\u00e4fer bereits gew\u00fcrdigt. Der Gemeinderat stimmte zu und bei der Gr\u00fcndungsversammlung im Gasthauses Badischer Hof, neben der Stadtapotheke wurde der Tennisclub Kehl e.V. aus der Taufe gehoben. <\/p>\n\n\n\n<p>Das Gasthaus wurde im 2. Weltkrieg zerst\u00f6rt. Von der Platzanlage des TC Kehl am Rhein war der Blick frei zur Eisenbahnbr\u00fccke. An der gleichen Stelle steht seit 2010 eine zweispurige Eisenbahnbr\u00fccke, nachdem die Vorg\u00e4ngerbr\u00fccke im 2. Weltkrieg zerst\u00f6rt wurde. Gespielt wurde in wei\u00dfer Kleidung. Die M\u00e4nner trugen lange wei\u00dfe Hosen und ein lang\u00e4rmliges wei\u00dfes Hemd, selbstverst\u00e4ndlich wei\u00dfe Schuhe. Die Frauen trugen lange R\u00f6cke, Bluse und Schuhe, ebenfalls wei\u00df. Der Verein war von Anfang an aktiv und freute sich \u00fcber einen stetigen Mitgliederzuwachs. Es war eine Parallelgesellschaft. <\/p>\n\n\n\n<p>Im TC Kehl herrschte reger Spielbetrieb bis 1939. Das Alltagsleben der Bev\u00f6lkerung war m\u00fchsam und hart, da seit 1919 bis 1930 Kehl franz\u00f6sisch besetzt war. Unmittelbar vor dem 2. Weltkrieg wurde der Spielbetrieb eingestellt und stand 13 Jahre lang still.<\/p>\n\n\n\n<p>Obwohl die letzte Teilfreigabe von Kehl erst im April 1953 war, wurde bereits im Herbst 1952 der Tennisclub Kehl wiedergegr\u00fcndet. Mit dieser erneuten Gr\u00fcndung ist der Name B\u00e4ckermeister Emil Schertel ganz wichtig. Bis heute ist der Name Schertel und der TC Kehl in einem Atemzug zu nennen. Sowohl Sohn Hansj\u00f6rg, als auch Enkelin Kirsten und Enkel Philipp sind aktive Tennisspieler. Unter Pr\u00e4sident Hermann Wunsch wuchs die Mitgliederzahl auf weit \u00fcber 600 an, davon waren \u00fcber 200 Jugendliche. Die Vorbilder mit Steffi Graf, Boris Becker und Michael Stich bescherten dem Kehler TC volle Kassen. <\/p>\n\n\n\n<p>Es gab auch eine Zeit danach. Heute z\u00e4hlt der Verein \u00fcber 400 Mitglieder und rund 200 Jugendliche. Die Tennisanlage umfasst neun Freipl\u00e4tze und zwei Hallenpl\u00e4tze. Die Halle ist Eigentum des Vereins. Intern ist seit Herbst 2020 Ruhe in die Vorstandsarbeit eingezogen. Leider war dies mit dem Vorstand davor alles andere als harmonisch. Der damalige  Vorstand unter Uschi Treutner haderte mit dem Vereinstrainer Goran Gerdijan und es gab Streitigkeiten unter den <br>Vorstandsmitgliedern. Dies war unter der Pr\u00e4sidentschaft von Rogg-Petry schon einmal so. Auch da wurde innerhalb des Vorstands gestritten und sogar der langj\u00e4hrige Vereinstrainer Fadil Seric aus dem Verein gedr\u00e4ngt. Dies geh\u00f6rt nun alles der Vergangenheit an.<\/p>\n\n\n\n<p>Wie war es mit der Spielkleidung wei\u00df? Nun, Klaus Gras kann sich noch daran erinnern, dass bei einem Turnier ein Spieler vom Platz gehen musste um sein farbiges Polo Shirt zu wechseln oder er h\u00e4tte das Spiel verloren. Das war Anfang der 90iger Jahre noch so streng. Auch dies geh\u00f6rt der Vergangenheit an. Die Profis machen es vor. Einzige Ausnahme sind die Tennismeisterschaften von Wimbledon. Dort m\u00fcssen alle in wei\u00df spielen. <\/p>\n\n\n\n<p>Zur\u00fcck zum Tennisclub Kehl. Der jetzige Vorstand arbeitet in Ruhe und mit gesicherten Finanzen. Die vereinseigene Halle wird energetisch aktualisiert und es gibt neue Vorh\u00e4nge vor der Hallenwand, zus\u00e4tzlich wurde die Beleuchtung modernisiert. Gesellschaftlich wurde mit der Feier zum 100j\u00e4hrigen ein gro\u00dfer Schritt in Richtung Vereinsleben getan. Weitere Aktivit\u00e4ten sollen nun folgen. Das Wir-Gef\u00fchl soll gest\u00e4rkt werden und die langj\u00e4hrigen Tennisspieler mehr in das Vereinsleben eingebunden werden. Alles in Allem darf sich die Stadt Kehl gl\u00fccklich sch\u00e4tzen solch einen aktiven Verein im Tennissport zu haben.<\/p>\n\n\n\n<p>Fazit: Drei Punkte lassen sich aus dem 100j\u00e4hrigen Clubleben herausheben, die die Basis f\u00fcr einen Erfolg darstellen. Die jeweiligen Vorstandsmitglieder m\u00fcssen sich vertrauen und harmonisch miteinander umgehen. Sie sind die gew\u00e4hlten Vertreter des Vereins und tragen vereinsinterne Verantwortung. Die Cheftrainer Fadil Seric und Goran Gerdijan des TC<br>Kehl sind ebenfalls von gro\u00dfer Bedeutung. Die Cheftrainer mit den Co Trainern bilden die Bindeglieder zwischen den Jugendlichen und den Erwachsenen und k\u00f6nnen t\u00e4glich beurteilen, wo \u00c4nderungen angebracht sind. Diesen beiden Tennistrainern geb\u00fchrt die h\u00f6chste Hochachtung. Die dritte S\u00e4ule sind die P\u00e4chter des Clubhaus mit deren Bewirtung. Der TC Kehl hat so viele Mitglieder, dass eine Selbstversorgung ausscheidet. Viele Jahre hatten die jeweiligen Vorst\u00e4nde immer wieder gro\u00dfe Probleme mit der Bewirtung. Durch den Neubau des Clubhauses und den damit verbundenen direkten Zugang zur Halle hat sich die Situation verbessert. Jedoch erst mit dem P\u00e4chter Enzo Berardi kam Kontinuit\u00e4t und Ruhe in die Clubhausbewirtung. Das Essen im Tennisclub war f\u00fcr Mitglieder und G\u00e4ste ein Genuss. Diese Phase geht unter dem P\u00e4chterehepaar Barbara und Toni Gargiula nahtlos weiter, die jetzt auch einen sch\u00f6nen neuen Zugang zur Terrasse haben.<\/p>\n\n\n\n<figure class=\"wp-block-gallery columns-3 is-cropped wp-block-gallery-1 is-layout-flex wp-block-gallery-is-layout-flex\"><ul class=\"blocks-gallery-grid\"><li class=\"blocks-gallery-item\"><figure><img loading=\"lazy\" decoding=\"async\" width=\"1024\" height=\"683\" src=\"https:\/\/tennisclub-kehl.de\/wp-content\/uploads\/2021\/11\/Erwin-Lang-100-Jahr-Feier-2-1024x683.jpg\" alt=\"\" data-id=\"2093\" data-full-url=\"https:\/\/tennisclub-kehl.de\/wp-content\/uploads\/2021\/11\/Erwin-Lang-100-Jahr-Feier-2-scaled.jpg\" data-link=\"https:\/\/tennisclub-kehl.de\/?attachment_id=2093\" class=\"wp-image-2093\" srcset=\"https:\/\/tennisclub-kehl.de\/wp-content\/uploads\/2021\/11\/Erwin-Lang-100-Jahr-Feier-2-1024x683.jpg 1024w, https:\/\/tennisclub-kehl.de\/wp-content\/uploads\/2021\/11\/Erwin-Lang-100-Jahr-Feier-2-300x200.jpg 300w, https:\/\/tennisclub-kehl.de\/wp-content\/uploads\/2021\/11\/Erwin-Lang-100-Jahr-Feier-2-768x512.jpg 768w, https:\/\/tennisclub-kehl.de\/wp-content\/uploads\/2021\/11\/Erwin-Lang-100-Jahr-Feier-2-1536x1024.jpg 1536w, https:\/\/tennisclub-kehl.de\/wp-content\/uploads\/2021\/11\/Erwin-Lang-100-Jahr-Feier-2-2048x1365.jpg 2048w\" sizes=\"auto, (max-width: 1024px) 100vw, 1024px\" \/><figcaption class=\"blocks-gallery-item__caption\">100 Jahr Feier<\/figcaption><\/figure><\/li><li class=\"blocks-gallery-item\"><figure><img loading=\"lazy\" decoding=\"async\" width=\"683\" height=\"1024\" src=\"https:\/\/tennisclub-kehl.de\/wp-content\/uploads\/2021\/11\/Erwin-Lang-Praesident-Benjamin-Schaefer-links-Vereinstrainer-Goran-Gerdijan-rechts-2-683x1024.jpg\" alt=\"\" data-id=\"2091\" data-full-url=\"https:\/\/tennisclub-kehl.de\/wp-content\/uploads\/2021\/11\/Erwin-Lang-Praesident-Benjamin-Schaefer-links-Vereinstrainer-Goran-Gerdijan-rechts-2-scaled.jpg\" data-link=\"https:\/\/tennisclub-kehl.de\/?attachment_id=2091\" class=\"wp-image-2091\" srcset=\"https:\/\/tennisclub-kehl.de\/wp-content\/uploads\/2021\/11\/Erwin-Lang-Praesident-Benjamin-Schaefer-links-Vereinstrainer-Goran-Gerdijan-rechts-2-683x1024.jpg 683w, https:\/\/tennisclub-kehl.de\/wp-content\/uploads\/2021\/11\/Erwin-Lang-Praesident-Benjamin-Schaefer-links-Vereinstrainer-Goran-Gerdijan-rechts-2-200x300.jpg 200w, https:\/\/tennisclub-kehl.de\/wp-content\/uploads\/2021\/11\/Erwin-Lang-Praesident-Benjamin-Schaefer-links-Vereinstrainer-Goran-Gerdijan-rechts-2-768x1152.jpg 768w, https:\/\/tennisclub-kehl.de\/wp-content\/uploads\/2021\/11\/Erwin-Lang-Praesident-Benjamin-Schaefer-links-Vereinstrainer-Goran-Gerdijan-rechts-2-1024x1536.jpg 1024w, https:\/\/tennisclub-kehl.de\/wp-content\/uploads\/2021\/11\/Erwin-Lang-Praesident-Benjamin-Schaefer-links-Vereinstrainer-Goran-Gerdijan-rechts-2-1365x2048.jpg 1365w, https:\/\/tennisclub-kehl.de\/wp-content\/uploads\/2021\/11\/Erwin-Lang-Praesident-Benjamin-Schaefer-links-Vereinstrainer-Goran-Gerdijan-rechts-2-scaled.jpg 1707w\" sizes=\"auto, (max-width: 683px) 100vw, 683px\" \/><figcaption class=\"blocks-gallery-item__caption\">Pr\u00e4sident Benjamin Sch\u00e4fer (links), Vereinstrainer Goran Gerdijan (rechts)<\/figcaption><\/figure><\/li><li class=\"blocks-gallery-item\"><figure><img loading=\"lazy\" decoding=\"async\" width=\"683\" height=\"1024\" src=\"https:\/\/tennisclub-kehl.de\/wp-content\/uploads\/2021\/11\/Erwin-Lang-Elfreide-und-Klaus-Gras-im-Dress-der-20iger-Jahre-683x1024.jpg\" alt=\"\" data-id=\"2083\" data-full-url=\"https:\/\/tennisclub-kehl.de\/wp-content\/uploads\/2021\/11\/Erwin-Lang-Elfreide-und-Klaus-Gras-im-Dress-der-20iger-Jahre-scaled.jpg\" data-link=\"https:\/\/tennisclub-kehl.de\/?attachment_id=2083\" class=\"wp-image-2083\" srcset=\"https:\/\/tennisclub-kehl.de\/wp-content\/uploads\/2021\/11\/Erwin-Lang-Elfreide-und-Klaus-Gras-im-Dress-der-20iger-Jahre-683x1024.jpg 683w, https:\/\/tennisclub-kehl.de\/wp-content\/uploads\/2021\/11\/Erwin-Lang-Elfreide-und-Klaus-Gras-im-Dress-der-20iger-Jahre-200x300.jpg 200w, https:\/\/tennisclub-kehl.de\/wp-content\/uploads\/2021\/11\/Erwin-Lang-Elfreide-und-Klaus-Gras-im-Dress-der-20iger-Jahre-768x1152.jpg 768w, https:\/\/tennisclub-kehl.de\/wp-content\/uploads\/2021\/11\/Erwin-Lang-Elfreide-und-Klaus-Gras-im-Dress-der-20iger-Jahre-1024x1536.jpg 1024w, https:\/\/tennisclub-kehl.de\/wp-content\/uploads\/2021\/11\/Erwin-Lang-Elfreide-und-Klaus-Gras-im-Dress-der-20iger-Jahre-1365x2048.jpg 1365w, https:\/\/tennisclub-kehl.de\/wp-content\/uploads\/2021\/11\/Erwin-Lang-Elfreide-und-Klaus-Gras-im-Dress-der-20iger-Jahre-scaled.jpg 1707w\" sizes=\"auto, (max-width: 683px) 100vw, 683px\" \/><figcaption class=\"blocks-gallery-item__caption\">Elfriede &amp; Klaus Gras im Dress der 20iger Jahre<\/figcaption><\/figure><\/li><\/ul><\/figure>\n\n\n\n<p class=\"has-text-align-center has-small-font-size\">Fotos: Erwin Lang<\/p>\n\n\n\n<div class=\"wp-block-image\"><figure class=\"aligncenter size-full\"><img loading=\"lazy\" decoding=\"async\" width=\"593\" height=\"292\" src=\"https:\/\/tennisclub-kehl.de\/wp-content\/uploads\/2021\/11\/Tennisclub-Fadil-Seric-beim-Aufschlagtraining-1992-im-Hintergrund-Jugenwart-Klaus-Gras-1-e1639661687270.jpeg\" alt=\"\" class=\"wp-image-2089\" srcset=\"https:\/\/tennisclub-kehl.de\/wp-content\/uploads\/2021\/11\/Tennisclub-Fadil-Seric-beim-Aufschlagtraining-1992-im-Hintergrund-Jugenwart-Klaus-Gras-1-e1639661687270.jpeg 593w, https:\/\/tennisclub-kehl.de\/wp-content\/uploads\/2021\/11\/Tennisclub-Fadil-Seric-beim-Aufschlagtraining-1992-im-Hintergrund-Jugenwart-Klaus-Gras-1-e1639661687270-300x148.jpeg 300w\" sizes=\"auto, (max-width: 593px) 100vw, 593px\" \/><figcaption>Fadil Seric beim Aufschlagtraining 1992, im Hintergrund Jugendwart Klaus Gras<\/figcaption><\/figure><\/div>\n","protected":false},"excerpt":{"rendered":"<p>Der Tennisclub Kehl blickt mit Stolz in diesem Jahr auf 100 Jahre Vereinsgeschichte zur\u00fcck. Mit einer<br \/>\nvierteiligen Serie w\u00fcrdigt die Kehler Zeitung den runden Geburtstag. In der letzten Serie erfolgt eine Zusammenfassung der Tennisszene von einst bis heute.<\/p>\n","protected":false},"author":1,"featured_media":2091,"comment_status":"closed","ping_status":"open","sticky":false,"template":"","format":"standard","meta":{"footnotes":""},"categories":[5,8],"tags":[],"class_list":["post-2145","post","type-post","status-publish","format-standard","has-post-thumbnail","hentry","category-clubleben","category-informationen"],"_links":{"self":[{"href":"https:\/\/tennisclub-kehl.de\/index.php?rest_route=\/wp\/v2\/posts\/2145","targetHints":{"allow":["GET"]}}],"collection":[{"href":"https:\/\/tennisclub-kehl.de\/index.php?rest_route=\/wp\/v2\/posts"}],"about":[{"href":"https:\/\/tennisclub-kehl.de\/index.php?rest_route=\/wp\/v2\/types\/post"}],"author":[{"embeddable":true,"href":"https:\/\/tennisclub-kehl.de\/index.php?rest_route=\/wp\/v2\/users\/1"}],"replies":[{"embeddable":true,"href":"https:\/\/tennisclub-kehl.de\/index.php?rest_route=%2Fwp%2Fv2%2Fcomments&post=2145"}],"version-history":[{"count":8,"href":"https:\/\/tennisclub-kehl.de\/index.php?rest_route=\/wp\/v2\/posts\/2145\/revisions"}],"predecessor-version":[{"id":2200,"href":"https:\/\/tennisclub-kehl.de\/index.php?rest_route=\/wp\/v2\/posts\/2145\/revisions\/2200"}],"wp:featuredmedia":[{"embeddable":true,"href":"https:\/\/tennisclub-kehl.de\/index.php?rest_route=\/wp\/v2\/media\/2091"}],"wp:attachment":[{"href":"https:\/\/tennisclub-kehl.de\/index.php?rest_route=%2Fwp%2Fv2%2Fmedia&parent=2145"}],"wp:term":[{"taxonomy":"category","embeddable":true,"href":"https:\/\/tennisclub-kehl.de\/index.php?rest_route=%2Fwp%2Fv2%2Fcategories&post=2145"},{"taxonomy":"post_tag","embeddable":true,"href":"https:\/\/tennisclub-kehl.de\/index.php?rest_route=%2Fwp%2Fv2%2Ftags&post=2145"}],"curies":[{"name":"wp","href":"https:\/\/api.w.org\/{rel}","templated":true}]}}