{"id":2108,"date":"2021-09-24T10:28:00","date_gmt":"2021-09-24T08:28:00","guid":{"rendered":"https:\/\/tennisclub-kehl.de\/?p=2108"},"modified":"2021-12-16T11:02:24","modified_gmt":"2021-12-16T09:02:24","slug":"artikel-1-4-serie-100-jahre-tennisclub-sw-kehl-e-v","status":"publish","type":"post","link":"https:\/\/tennisclub-kehl.de\/?p=2108","title":{"rendered":"Artikel 1\/4 &#8211; Serie &#8222;100 Jahre Tennisclub SW Kehl e.V.&#8220;"},"content":{"rendered":"\n<h2 class=\"wp-block-heading\">So stellt sich der Tennisclub Schwarz Wei\u00df Kehl im Jahr 2021 dar<\/h2>\n\n\n\n<h3 class=\"wp-block-heading\">von Klaus Gras<\/h3>\n\n\n\n<p>Der Tennisclub Kehl blickt mit Stolz im Jahr 2021 auf 100 Jahre Vereinsgeschichte zur\u00fcck. Mit einer vierteiligen Serie w\u00fcrdigt die Kehler Zeitung den runden Geburtstag. In der ersten Folge wird \u00fcber das aktuelle Pr\u00e4sidium berichtet.<br><\/p>\n\n\n\n<p>Mit Benjamin Sch\u00e4fer, Notar in Kehl und Angela von Lonski, Oberstudienr\u00e4tin in Achern beginnt ein Blick in die aktuelle Vereinsarbeit des Tennisclubs. Schon nach zehn monatiger Amtszeit kann das Duo an der Vereinsspitze beachtliche Erfolge vorzeigen. <\/p>\n\n\n\n<p>So stieg die Anzahl der Neumitglieder auf insgesamt 45 Personen an. Der bisherige Ger\u00e4teraum wurde in zwei Container verlagert, die neben der Halle aufgestellt wurden. Die beiden Container sind ein Geburtstaggeschenk der Kehler Firma Algeco. Der so entstandene freie Raum wird zeitnah als Fitnessbereich f\u00fcr die Mitglieder umgebaut. Er wird eine gro\u00dfe Glasfront mit direktem Blick in die Halle auf die zwei Spielfelder haben. Die Herrenumkleide und der Duschraum wurde im letzten Winter vollst\u00e4ndig neu gestaltet und modernisiert. Zu dem bestehenden Kinderspielplatz wurden noch aus nachhaltigem Robinienholz eine Wippe und eine Doppelschaukel angeschafft.<br>Selbstverst\u00e4ndlich wird im Tennisclub auch guter Tennissport betrieben. Mit gleich drei Meisterschaften k\u00f6nnen der Sportwart, Curd Moldt und die Jugendwartin Yasmina Vivier auf eine sehr erfolgreiche Turniersaison 2021 zur\u00fcckblicken. Die m\u00e4nnliche U 18, die Herren 30 und die Herren 40 feierten bereits den Meistertitel. Das Aush\u00e4ngeschild des TC, unsere Herren 60 konnten auch im achten Jahr in der Oberliga einen beachtlichen dritten Platz erk\u00e4mpfen.<\/p>\n\n\n\n<p>Spannend ist zu erfahren, warum sich Angela von Lonski f\u00fcr die Position der zweiten Vorsitzenden zur Verf\u00fcgung gestellt hat. Dazu sagt sie, dass sowohl ihre beiden Kinder als auch sie schon beim Trainer Fadil Seric im Training waren und seither nur positive Erfahrungen im Tennisclub Kehl gemacht haben. Von Lonski war bereits Jugendwartin unter der Pr\u00e4sidentschaft von Prof. Dr. Max Felde. Die Lage der Clubanlage ist ganz hervorragend. Die Mitglieder zeigen sich alle sehr freundlich und hilfsbereit. Im Clubhaus schmeckt nicht nur das Essen gut, sondern auch die angenehme Atmosph\u00e4re ist deutlich zu sp\u00fcren. Da m\u00f6chte ich einfach den Mitgliedern etwas zur\u00fcckgeben und an einigen Stellen die Tennisanlage gerne etwas modernisieren, wie zum Beispiel die neu erstellte wundersch\u00f6ne Natursteintreppe zur Clubhausterrasse. Auf jeden Fall kann Angela von Lonski sagen, dass die Aufgaben, bereits in dieser kurzen Zeit, sehr interessant sind und viel Freude machen. Obwohl die Familie von Lonski gemeint hat, dass die Vorstandst\u00e4tigkeit mit sehr viel Arbeit verbunden sein wird. Aber, Angela von Lonski wird diese Aufgaben wie immer schon schaffen.<br>Was hat den Tennisspieler Benjamin Sch\u00e4fer veranlasst, sich f\u00fcr das Amt des Pr\u00e4sidenten zur Verf\u00fcgung zu stellen, obwohl seine T\u00e4tigkeit als Notar ihn genauso fordert wie seine Familie mit zwei Kindern. W\u00e4hrend des Trainings bei Vereinstrainer Goran wurde Sch\u00e4fer mehrfach angesprochen, ob er sich einmal mit der Gesch\u00e4ftsordnung und Satzung auseinandersetzen wolle. Dies sei kein Problem meinte er und schon war Benjamin Sch\u00e4fer ein Kandidat f\u00fcr das Amt des Pr\u00e4sidenten.<\/p>\n\n\n\n<p>Bei der Mitgliederversammlung im Herbst 2020 wurden sowohl Benjamin Sch\u00e4fer als auch Angela von Lonski mit den weiteren sechs Vorstandsmitgliedern mit 2\/3 Mehrheit das Vertrauen geschenkt. Im Vorstand sind auch Tobias Gillmann, Schatzmeister, Inge M\u00fcll, Schriftf\u00fchrerin, Vicente Sanz, Pressewart und Donato Sica, Technischer Wart.<\/p>\n\n\n\n<p>Wichtig war dem Vorstandsduo, dass der Kontakt zum Nachbarverein Goldscheuer, speziell mit dem Pr\u00e4sidenten Rolf Hauer wieder intensiviert wird. Diese Kontaktaufnahme machte sich bereits bei der Platzinstandsetzung f\u00fcr das Fr\u00fchjahr 2021 positiv bemerkbar. Denn nicht nur die gro\u00dfe Walze, sondern auch mit Gerhard Fehrenbach wurde gleich die Man-Power nach Kehl mitgebracht. <\/p>\n\n\n\n<p>Alles in Allem sind Pr\u00e4sident Benjamin Sch\u00e4fer und die zweite Vorsitzende Angela von Lonski mit den erbrachten Leistungen sehr zufrieden. Aktuell ist der Blick einzig und allein auf den 100. Geburtstag gerichtet. M\u00f6ge der Wettergott es am 18. September gut mit uns meinen! G\u00e4ste und Interessierte sind herzlich Willkommen!<\/p>\n\n\n\n<div class=\"wp-block-image\"><figure class=\"aligncenter size-large\"><img loading=\"lazy\" decoding=\"async\" width=\"772\" height=\"1024\" src=\"https:\/\/tennisclub-kehl.de\/wp-content\/uploads\/2021\/12\/2021_Vorstand_Wasserspiegelung-772x1024.jpg\" alt=\"\" class=\"wp-image-2109\" srcset=\"https:\/\/tennisclub-kehl.de\/wp-content\/uploads\/2021\/12\/2021_Vorstand_Wasserspiegelung-772x1024.jpg 772w, https:\/\/tennisclub-kehl.de\/wp-content\/uploads\/2021\/12\/2021_Vorstand_Wasserspiegelung-226x300.jpg 226w, https:\/\/tennisclub-kehl.de\/wp-content\/uploads\/2021\/12\/2021_Vorstand_Wasserspiegelung-768x1019.jpg 768w, https:\/\/tennisclub-kehl.de\/wp-content\/uploads\/2021\/12\/2021_Vorstand_Wasserspiegelung-1157x1536.jpg 1157w, https:\/\/tennisclub-kehl.de\/wp-content\/uploads\/2021\/12\/2021_Vorstand_Wasserspiegelung-1543x2048.jpg 1543w, https:\/\/tennisclub-kehl.de\/wp-content\/uploads\/2021\/12\/2021_Vorstand_Wasserspiegelung-scaled.jpg 1929w\" sizes=\"auto, (max-width: 772px) 100vw, 772px\" \/><figcaption> Foto: Erwin Lang \u2013 Vorstand vor der Wasserspiegelung <\/figcaption><\/figure><\/div>\n\n\n\n<figure class=\"wp-block-gallery columns-2 is-cropped wp-block-gallery-1 is-layout-flex wp-block-gallery-is-layout-flex\"><ul class=\"blocks-gallery-grid\"><li class=\"blocks-gallery-item\"><figure><img loading=\"lazy\" decoding=\"async\" width=\"431\" height=\"431\" src=\"https:\/\/tennisclub-kehl.de\/wp-content\/uploads\/2020\/12\/BenjaminSchaefer.jpg\" alt=\"\" data-id=\"1263\" data-full-url=\"https:\/\/tennisclub-kehl.de\/wp-content\/uploads\/2020\/12\/BenjaminSchaefer.jpg\" data-link=\"https:\/\/tennisclub-kehl.de\/?attachment_id=1263\" class=\"wp-image-1263\" srcset=\"https:\/\/tennisclub-kehl.de\/wp-content\/uploads\/2020\/12\/BenjaminSchaefer.jpg 431w, https:\/\/tennisclub-kehl.de\/wp-content\/uploads\/2020\/12\/BenjaminSchaefer-300x300.jpg 300w, https:\/\/tennisclub-kehl.de\/wp-content\/uploads\/2020\/12\/BenjaminSchaefer-150x150.jpg 150w\" sizes=\"auto, (max-width: 431px) 100vw, 431px\" \/><figcaption class=\"blocks-gallery-item__caption\">Benjamin Sch\u00e4fer (Foto: Christian Koch)<\/figcaption><\/figure><\/li><li class=\"blocks-gallery-item\"><figure><img loading=\"lazy\" decoding=\"async\" width=\"431\" height=\"431\" src=\"https:\/\/tennisclub-kehl.de\/wp-content\/uploads\/2020\/12\/0124_AngelaVonLonski_431px_18112020.jpg\" alt=\"\" data-id=\"1258\" data-full-url=\"https:\/\/tennisclub-kehl.de\/wp-content\/uploads\/2020\/12\/0124_AngelaVonLonski_431px_18112020.jpg\" data-link=\"https:\/\/tennisclub-kehl.de\/?attachment_id=1258\" class=\"wp-image-1258\" srcset=\"https:\/\/tennisclub-kehl.de\/wp-content\/uploads\/2020\/12\/0124_AngelaVonLonski_431px_18112020.jpg 431w, https:\/\/tennisclub-kehl.de\/wp-content\/uploads\/2020\/12\/0124_AngelaVonLonski_431px_18112020-300x300.jpg 300w, https:\/\/tennisclub-kehl.de\/wp-content\/uploads\/2020\/12\/0124_AngelaVonLonski_431px_18112020-150x150.jpg 150w\" sizes=\"auto, (max-width: 431px) 100vw, 431px\" \/><figcaption class=\"blocks-gallery-item__caption\">Angela von Lonski (Foto: Christian Koch)<\/figcaption><\/figure><\/li><\/ul><\/figure>\n","protected":false},"excerpt":{"rendered":"<p>Der Tennisclub Kehl blickt mit Stolz im Jahr 2021 auf 100 Jahre Vereinsgeschichte zur\u00fcck. Mit einer vierteiligen Serie w\u00fcrdigt die Kehler Zeitung den runden Geburtstag. In der ersten Folge wird \u00fcber das aktuelle Pr\u00e4sidium berichtet.<\/p>\n","protected":false},"author":1,"featured_media":2109,"comment_status":"closed","ping_status":"open","sticky":false,"template":"","format":"standard","meta":{"footnotes":""},"categories":[5,8],"tags":[],"class_list":["post-2108","post","type-post","status-publish","format-standard","has-post-thumbnail","hentry","category-clubleben","category-informationen"],"_links":{"self":[{"href":"https:\/\/tennisclub-kehl.de\/index.php?rest_route=\/wp\/v2\/posts\/2108","targetHints":{"allow":["GET"]}}],"collection":[{"href":"https:\/\/tennisclub-kehl.de\/index.php?rest_route=\/wp\/v2\/posts"}],"about":[{"href":"https:\/\/tennisclub-kehl.de\/index.php?rest_route=\/wp\/v2\/types\/post"}],"author":[{"embeddable":true,"href":"https:\/\/tennisclub-kehl.de\/index.php?rest_route=\/wp\/v2\/users\/1"}],"replies":[{"embeddable":true,"href":"https:\/\/tennisclub-kehl.de\/index.php?rest_route=%2Fwp%2Fv2%2Fcomments&post=2108"}],"version-history":[{"count":4,"href":"https:\/\/tennisclub-kehl.de\/index.php?rest_route=\/wp\/v2\/posts\/2108\/revisions"}],"predecessor-version":[{"id":2125,"href":"https:\/\/tennisclub-kehl.de\/index.php?rest_route=\/wp\/v2\/posts\/2108\/revisions\/2125"}],"wp:featuredmedia":[{"embeddable":true,"href":"https:\/\/tennisclub-kehl.de\/index.php?rest_route=\/wp\/v2\/media\/2109"}],"wp:attachment":[{"href":"https:\/\/tennisclub-kehl.de\/index.php?rest_route=%2Fwp%2Fv2%2Fmedia&parent=2108"}],"wp:term":[{"taxonomy":"category","embeddable":true,"href":"https:\/\/tennisclub-kehl.de\/index.php?rest_route=%2Fwp%2Fv2%2Fcategories&post=2108"},{"taxonomy":"post_tag","embeddable":true,"href":"https:\/\/tennisclub-kehl.de\/index.php?rest_route=%2Fwp%2Fv2%2Ftags&post=2108"}],"curies":[{"name":"wp","href":"https:\/\/api.w.org\/{rel}","templated":true}]}}