{"id":2073,"date":"2021-10-30T15:36:15","date_gmt":"2021-10-30T13:36:15","guid":{"rendered":"https:\/\/tennisclub-kehl.de\/?p=2073"},"modified":"2021-12-16T15:45:33","modified_gmt":"2021-12-16T13:45:33","slug":"meisterschafft-herren-30","status":"publish","type":"post","link":"https:\/\/tennisclub-kehl.de\/?p=2073","title":{"rendered":"Meisterschafft Herren 30"},"content":{"rendered":"\n<p>Souver\u00e4n sind die Herren 30 des TC Schwarz-Wei\u00df Kehl nach starker Saison in die erste Bezirksliga aufgestiegen.<br>Eine gro\u00dfartige Mannschaftsleistung mit einem altersklassen\u00fcbergreifenden Spielerkader haben den Aufstieg perfekt gemacht.<\/p>\n\n\n\n<p>Auf dem Bild v.l.n.r: Bogdan Braicu, S\u00e9bastian Verne, Frederic Erhardt, Uli Hillenbrand, Adis Corovic, Patrick Glebocki, Daniel Kuhn (Mannschaftsf\u00fchrer) Es fehlen: Daniel Ross, Pascal Scheffler<\/p>\n\n\n\n<figure class=\"wp-block-image size-large\"><img loading=\"lazy\" decoding=\"async\" width=\"1024\" height=\"576\" src=\"https:\/\/tennisclub-kehl.de\/wp-content\/uploads\/2021\/10\/Herren-30-Meisterschaft-10.2021-2-1024x576.jpg\" alt=\"\" class=\"wp-image-2077\" srcset=\"https:\/\/tennisclub-kehl.de\/wp-content\/uploads\/2021\/10\/Herren-30-Meisterschaft-10.2021-2-1024x576.jpg 1024w, https:\/\/tennisclub-kehl.de\/wp-content\/uploads\/2021\/10\/Herren-30-Meisterschaft-10.2021-2-300x169.jpg 300w, https:\/\/tennisclub-kehl.de\/wp-content\/uploads\/2021\/10\/Herren-30-Meisterschaft-10.2021-2-768x432.jpg 768w, https:\/\/tennisclub-kehl.de\/wp-content\/uploads\/2021\/10\/Herren-30-Meisterschaft-10.2021-2-1536x864.jpg 1536w, https:\/\/tennisclub-kehl.de\/wp-content\/uploads\/2021\/10\/Herren-30-Meisterschaft-10.2021-2-2048x1152.jpg 2048w\" sizes=\"auto, (max-width: 1024px) 100vw, 1024px\" \/><\/figure>\n\n\n\n<p class=\"has-text-align-center has-small-font-size\"><em>Foto : Erwin Lang<\/em><\/p>\n","protected":false},"excerpt":{"rendered":"<p>Souver\u00e4n sind die Herren 30 des TC Schwarz-Wei\u00df Kehl nach starker Saison in die erste Bezirksliga aufgestiegen.Eine gro\u00dfartige Mannschaftsleistung mit einem altersklassen\u00fcbergreifenden Spielerkader haben den Aufstieg perfekt gemacht. Auf dem Bild v.l.n.r: Bogdan Braicu, S\u00e9bastian Verne, Frederic Erhardt, Uli Hillenbrand, Adis Corovic, Patrick Glebocki, Daniel Kuhn (Mannschaftsf\u00fchrer) Es fehlen: Daniel Ross, Pascal Scheffler Foto : [&hellip;]<\/p>\n","protected":false},"author":1,"featured_media":2077,"comment_status":"closed","ping_status":"closed","sticky":false,"template":"","format":"standard","meta":{"footnotes":""},"categories":[5,4,6],"tags":[],"class_list":["post-2073","post","type-post","status-publish","format-standard","has-post-thumbnail","hentry","category-clubleben","category-erwachsene","category-turniere"],"_links":{"self":[{"href":"https:\/\/tennisclub-kehl.de\/index.php?rest_route=\/wp\/v2\/posts\/2073","targetHints":{"allow":["GET"]}}],"collection":[{"href":"https:\/\/tennisclub-kehl.de\/index.php?rest_route=\/wp\/v2\/posts"}],"about":[{"href":"https:\/\/tennisclub-kehl.de\/index.php?rest_route=\/wp\/v2\/types\/post"}],"author":[{"embeddable":true,"href":"https:\/\/tennisclub-kehl.de\/index.php?rest_route=\/wp\/v2\/users\/1"}],"replies":[{"embeddable":true,"href":"https:\/\/tennisclub-kehl.de\/index.php?rest_route=%2Fwp%2Fv2%2Fcomments&post=2073"}],"version-history":[{"count":2,"href":"https:\/\/tennisclub-kehl.de\/index.php?rest_route=\/wp\/v2\/posts\/2073\/revisions"}],"predecessor-version":[{"id":2153,"href":"https:\/\/tennisclub-kehl.de\/index.php?rest_route=\/wp\/v2\/posts\/2073\/revisions\/2153"}],"wp:featuredmedia":[{"embeddable":true,"href":"https:\/\/tennisclub-kehl.de\/index.php?rest_route=\/wp\/v2\/media\/2077"}],"wp:attachment":[{"href":"https:\/\/tennisclub-kehl.de\/index.php?rest_route=%2Fwp%2Fv2%2Fmedia&parent=2073"}],"wp:term":[{"taxonomy":"category","embeddable":true,"href":"https:\/\/tennisclub-kehl.de\/index.php?rest_route=%2Fwp%2Fv2%2Fcategories&post=2073"},{"taxonomy":"post_tag","embeddable":true,"href":"https:\/\/tennisclub-kehl.de\/index.php?rest_route=%2Fwp%2Fv2%2Ftags&post=2073"}],"curies":[{"name":"wp","href":"https:\/\/api.w.org\/{rel}","templated":true}]}}